{"id":4139,"date":"2012-11-26T20:20:58","date_gmt":"2012-11-26T19:20:58","guid":{"rendered":"http:\/\/www.manologarciaycia.com\/?p=4139"},"modified":"2012-11-26T20:20:58","modified_gmt":"2012-11-26T19:20:58","slug":"mg-la-alegria-es-una-forma-de-resistencia-muy-poderosa","status":"publish","type":"post","link":"https:\/\/www.manologarciaycia.com\/?p=4139","title":{"rendered":"MG: \u00abLa alegr\u00eda es una forma de resistencia muy poderosa\u00bb"},"content":{"rendered":"<p>Con las entradas a punto de agotarse (ayer solo quedaban 20), el cantante y compositor Manolo Garc\u00eda, antiguo integrante de El \u00faltimo de la Fila, presentar\u00e1 su \u00faltimo disco, &#8216;Los d\u00edas intactos&#8217;, este mi\u00e9rcoles en el Auditorio Kursaal a partir de las 20.00 horas.<\/p>\n<p>\u00abEl joven que quer\u00eda comerse el mundo ahora pretende que el mundo no me coma\u00bb, asegura el catal\u00e1n, que este mi\u00e9rcoles saldar\u00e1 una deuda con el p\u00fablico donostiarra que esperaba verle en la pasada temporada cuando suspendi\u00f3 varios conciertos por problemas de salud.<\/p>\n<p><strong>\u00bfEl de m\u00fasico es un oficio m\u00e1s duro de lo que se cree?<\/strong><\/p>\n<p>Es verdad que hay una parte de tensi\u00f3n que la gente desconoce. Enfrentarse al p\u00fablico cada noche y dirigir un grupo es estresante. Lo c\u00e1lido y dulce es componer, sobre todo si no hay prisas. Es algo m\u00e1gico, una necesidad qu\u00edmica.<\/p>\n<p><strong>Es su quinto disco en solitario. Parece que fue ayer cuando cantaba &#8216;Mi novia se llamaba Ram\u00f3n&#8217; o &#8216;El loco de la calle&#8217;.<\/strong><\/p>\n<p>S\u00ed, es una evidencia que constatas cuando vas cumpliendo a\u00f1os, pero no de joven, cuando sigues la vor\u00e1gine de la vida y la zanahoria delante de la cuerda. Se trata de disfrazar esas zanahorias y de seguir con la ilusi\u00f3n. Es cierto que el tiempo pasa.<\/p>\n<p><strong>Pero nunca es perdido, \u00bfno? As\u00ed lo dec\u00eda su canci\u00f3n.<\/strong><\/p>\n<p>No si eres curioso y con ganas de aprender. El tiempo lo pierde quien se dedica a la amargura y al odio, pero si se tiene una actitud de mejorar como persona, no se pierde. En lo musical, el tiempo es una maravilla que te permite compartir tus peque\u00f1os logros con mucha gente.<\/p>\n<p><strong>\u00bfEn qu\u00e9 se parece y en qu\u00e9 ha cambiado aquel joven con ganas de comerse el mundo?<\/strong><\/p>\n<p>Soy otro joven que pretende que el mundo no me coma (risas). Las ganas siguen intactas, incluso tengo m\u00e1s ganas de m\u00fasica. Voy a ver m\u00e1s conciertos, me muevo para ver a Wilco o a Dylan, compro m\u00e1s m\u00fasica que antes\u2026<\/p>\n<p><strong>Ser\u00e1 de los pocos.<\/strong><\/p>\n<p>Bueno\u2026 compro discos en una tienda en Barcelona y tambi\u00e9n cometo el \u00abpecado\u00bb de la compra en Internet.<\/p>\n<p><strong>\u00bfSigue vivo el deseo de escribir la canci\u00f3n perfecta?<\/strong><\/p>\n<p>Siempre. Y la canci\u00f3n perfecta s\u00ed existe, pero siempre en otros, lo que es acojonante (risas). Hay que enga\u00f1arse a uno mismo para exigirte m\u00e1s y estar motivado al 100%. Eso s\u00ed, la motivaci\u00f3n para componer es algo innato, surge sin m\u00e1s. Anoche estuve trabajando en una canci\u00f3n nueva y fue la perfecci\u00f3n del momento.<\/p>\n<p><strong>Su \u00faltimo CD suena m\u00e1s guitarrero que los anteriores&#8230;<\/strong><\/p>\n<p>La gira s\u00ed es muy guitarrera pero como siempre. En vivo suelo optar por la parte m\u00e1s el\u00e9ctrica aunque haya discos anteriores en los que indagu\u00e9 en ritmos \u00e9tnicos. En esta gira hay mitad y mitad: partes m\u00e1s ac\u00fasticas y otras con tres guitarras. Llevo una banda de ocho miembros.<\/p>\n<p><strong>Hay espacio para cl\u00e1sicos como &#8216;Aviones plateados&#8217; y se atreve con &#8216;Navaja de papel&#8217;, de Los R\u00e1pidos.<\/strong><\/p>\n<p>Esta \u00faltima es la primera canci\u00f3n que compuse en el campo del pop y el rock. Antes hac\u00eda cosas infantiles y para orquestas. A\u00a0<em>Navaja de papel\u00a0<\/em>le tengo cari\u00f1o porque fue la primera que aport\u00e9 a Los R\u00e1pidos. Tambi\u00e9n suenan algunas de El \u00daltimo de la Fila, aunque son pocas. No quiero enga\u00f1ar a nadie y no me gusta la a\u00f1oranza. Yo fui solo la mitad del d\u00fao y ser\u00eda enga\u00f1oso hacer m\u00e1s canciones. Adem\u00e1s, no me hace falta, tengo much\u00edsimas propias. Tres o cuatro s\u00ed caen, pero hago casi 30.<\/p>\n<p><strong>En el \u00faltimo disco hay una canci\u00f3n titulada &#8216;Estoy alegre&#8217;. \u00bfSigue est\u00e1ndolo? La cosa se ha puesto fea&#8230;<\/strong><\/p>\n<p>Esa canci\u00f3n, que sirve para exorcizar algunos demonios, la incluyo en los conciertos. Es una especie de liberaci\u00f3n de principios porque entiendo la alegr\u00eda como una forma de resistencia muy poderosa, y ellos intentan acogotarnos con el miedo. Eso es da\u00f1ino, violencia pura. Hay millones de personas en Espa\u00f1a con pocos motivos para la alegr\u00eda, ya que est\u00e1n tirados como colillas, pero hay que actuar, de manera pac\u00edfica, y no quedarse parado.<\/p>\n<p><strong>\u00bfC\u00f3mo se le qued\u00f3 el cuerpo al ver el Parlamento rodeado y con cargas policiales?<\/strong><\/p>\n<p>Pues mal. Volvemos a tiempos que no ten\u00edan que haber existido nunca. Lo de callar todo Dios y el garrotazo, los infiltrados, la agresi\u00f3n a gente pac\u00edfica\u2026 Es un tema complicado pero hay muchas lagunas en esta democracia sobre los derechos de la ciudadan\u00eda. Los pol\u00edticos los interpretan seg\u00fan su convivencia.<\/p>\n<p><strong>Sus letras son muy positivas y repletas de mensajes de lucha, no renuncia y de quererlo todo y pelearlo.<\/strong><\/p>\n<p>S\u00ed, de quererlo todo pero no en el sentido materialista y neoliberal, sino de b\u00fasqueda de vida plena, de valores y sentimientos. Eso se ha perdido con la cultura del pelotazo. \u00bfY los valores de las zonas rurales y la camarader\u00eda? Ahora, entre la tecnolog\u00eda y la econom\u00eda nos tienen constre\u00f1idos, mental y f\u00edsicamente.<\/p>\n<p><strong>Titula otro tema &#8216;Creyente bajo torres de alta tensi\u00f3n&#8217;. \u00bfEn qu\u00e9 cree?<\/strong><\/p>\n<p>En las personas, individualmente. Las hay magn\u00edficas, gente que se entrega, deja de lado el ego y ayuda a sus semejantes. Me viene siempre a la cabeza la pel\u00edcula\u00a0<em>La estrategia del caracol<\/em>, la camarader\u00eda y no cejar en el empe\u00f1o de la justicia social. Y luego est\u00e1 el cuidado medioambiental, no se puede seguir con este modelo econ\u00f3mico que destroza el planeta para mantener una econom\u00eda capitalista como la de Eurovegas, por ejemplo. \u00bfQu\u00e9 cultura de los cojones es esta? Hay que ofrecer una vida saludable, f\u00edsica y mentalmente. Es todo muy marciano. Si es verdad que hay agua en Marte, me largo para all\u00ed (risas).<\/p>\n<p>Fuente: Noticias de Guipuzkoa &#8211; Andr\u00e9s Portero &#8211; <a href=\"http:\/\/m.noticiasdegipuzkoa.com\/2012\/11\/26\/ocio-y-cultura\/la-alegria-es-una-forma-de-resistencia-muy-poderosa\" target=\"_blank\">ENLACE<\/a><\/p>\n","protected":false},"excerpt":{"rendered":"<p>Con las entradas a punto de agotarse (ayer solo quedaban 20), el cantante y compositor Manolo Garc\u00eda, antiguo integrante de El \u00faltimo de la Fila, presentar\u00e1 su \u00faltimo disco, &#8216;Los d\u00edas intactos&#8217;, este mi\u00e9rcoles en el Auditorio Kursaal a partir de las 20.00 horas. \u00abEl joven que quer\u00eda comerse el mundo ahora pretende que el<a class=\"moretag\" href=\"https:\/\/www.manologarciaycia.com\/?p=4139\" title=\"MG: \u00abLa alegr\u00eda es una forma de resistencia muy poderosa\u00bb\" target=\"_self\" rel=\"follow\"> <font face=arial size=2>[Leer m\u00e1s]<\/font> <\/a><\/p>\n","protected":false},"author":2,"featured_media":0,"comment_status":"closed","ping_status":"closed","sticky":false,"template":"","format":"standard","meta":{"footnotes":""},"categories":[1],"tags":[],"class_list":["post-4139","post","type-post","status-publish","format-standard","hentry","category-manolo-garcia"],"_links":{"self":[{"href":"https:\/\/www.manologarciaycia.com\/index.php?rest_route=\/wp\/v2\/posts\/4139","targetHints":{"allow":["GET"]}}],"collection":[{"href":"https:\/\/www.manologarciaycia.com\/index.php?rest_route=\/wp\/v2\/posts"}],"about":[{"href":"https:\/\/www.manologarciaycia.com\/index.php?rest_route=\/wp\/v2\/types\/post"}],"author":[{"embeddable":true,"href":"https:\/\/www.manologarciaycia.com\/index.php?rest_route=\/wp\/v2\/users\/2"}],"replies":[{"embeddable":true,"href":"https:\/\/www.manologarciaycia.com\/index.php?rest_route=%2Fwp%2Fv2%2Fcomments&post=4139"}],"version-history":[{"count":1,"href":"https:\/\/www.manologarciaycia.com\/index.php?rest_route=\/wp\/v2\/posts\/4139\/revisions"}],"predecessor-version":[{"id":4140,"href":"https:\/\/www.manologarciaycia.com\/index.php?rest_route=\/wp\/v2\/posts\/4139\/revisions\/4140"}],"wp:attachment":[{"href":"https:\/\/www.manologarciaycia.com\/index.php?rest_route=%2Fwp%2Fv2%2Fmedia&parent=4139"}],"wp:term":[{"taxonomy":"category","embeddable":true,"href":"https:\/\/www.manologarciaycia.com\/index.php?rest_route=%2Fwp%2Fv2%2Fcategories&post=4139"},{"taxonomy":"post_tag","embeddable":true,"href":"https:\/\/www.manologarciaycia.com\/index.php?rest_route=%2Fwp%2Fv2%2Ftags&post=4139"}],"curies":[{"name":"wp","href":"https:\/\/api.w.org\/{rel}","templated":true}]}}