{"id":4136,"date":"2012-11-26T11:20:39","date_gmt":"2012-11-26T10:20:39","guid":{"rendered":"http:\/\/www.manologarciaycia.com\/?p=4136"},"modified":"2012-11-26T11:20:55","modified_gmt":"2012-11-26T10:20:55","slug":"mg-no-tengo-una-varita-magica-no-soy-un-ordenador-preparado-para-hacer-canciones-de-exito","status":"publish","type":"post","link":"https:\/\/www.manologarciaycia.com\/?p=4136","title":{"rendered":"MG: \u00abNo tengo una varita m\u00e1gica, no soy un ordenador preparado para hacer canciones de \u00e9xito\u00bb"},"content":{"rendered":"<p><img loading=\"lazy\" decoding=\"async\" class=\"alignright\" src=\"http:\/\/static.noticiasdealava.com\/images\/2012\/11\/25\/import_12327200_11.jpg\" alt=\"El m\u00fasico barcelon\u00e9s en un reciente concierto en Pamplona. \" width=\"276\" height=\"359\" \/><\/p>\n<p><strong>Llega el pr\u00f3ximo viernes a Vitoria en lo que ser\u00e1 el pen\u00faltimo concierto de la gira de &#8216;Los d\u00edas intactos&#8217; antes de la despedida en Madrid. <\/strong><\/p>\n<p><strong>\u00bfEst\u00e1 ya pensando en el momento de terminar y coger unos d\u00edas de descanso?<\/strong><\/p>\n<p>Todo depende de c\u00f3mo plantees las giras. En los tiempos en los que estaba en El \u00daltimo de la Fila hac\u00edamos giras muy intensas, muy seguidas, de meses y meses viajando en un autob\u00fas, con semanas de seis conciertos&#8230; al final era agotador. Pero tal y como lo planteo yo actualmente es muy llevadero. No me entiendas mal, no critico aquello. La energ\u00eda entonces era mayor. Con los a\u00f1os vas aprendiendo que el exceso tambi\u00e9n puede ser un poco da\u00f1ino (risas). En cambio, con mesura y con una medida correcta andas un poco mejor. Ahora, la semana que hago m\u00e1s conciertos realizo dos. Es estupendo, porque al final llego fresco y con ganas. Hombre, ahora, y eso lo comparto con la banda y los compa\u00f1eros de gira, estamos un poco con a\u00f1oranza. No hay ganas de que se acabe el tour. Hay gente del grupo que me dice: \u00ab\u00bfpor qu\u00e9 no hacemos como Dylan, macho, siempre girando?\u00bb. As\u00ed que no, no tenemos ganas de que termine. Pero tambi\u00e9n es cierto que quiero parar un poco y ponerme a hacer canciones nuevas.<\/p>\n<p><strong>\u00c9sta es una gira que se<\/strong><strong>est\u00e1 desarrollando por teatros y auditorios (en el Irarier Arena el aforo estar\u00e1 reducido), pero no s\u00e9 hasta qu\u00e9 punto el espacio importa poco o mucho o esto es m\u00fasica y punto.<\/strong><\/p>\n<p>S\u00ed, s\u00ed que importa, m\u00e1s all\u00e1 de que estemos en oto\u00f1o, casi invierno, y bajo techo se est\u00e1 mejor. Adem\u00e1s, tal y como est\u00e1 todo, con la crisis de por medio, bueno&#8230; es una situaci\u00f3n que tambi\u00e9n influye. Ser\u00eda suicida pretender estar todo el rato tocando aqu\u00ed, donde llevas actuando toda la vida, en recintos muy grandes. Pero hay algo m\u00e1s. Mis a\u00f1os de oficio me han ense\u00f1ado que un concierto en un espacio grande es un gran momento de energ\u00eda desbordada, de alegr\u00eda al viento, de tener a 15 o 20.000 personas cantando contigo&#8230; eso es estupendo. Pero se pierde en la calidad musical. Aunque no quieras, tocas m\u00e1s fuerte, aprietas m\u00e1s la voz, porque tienes que contrarrestar esa energ\u00eda que te llega de las miles de personas que tienes delante. En los conciertos que estamos haciendo ahora, tocas mejor. Las fuerzas est\u00e1n m\u00e1s equilibradas con el p\u00fablico, el sonido es mejor, y, adem\u00e1s, tienes una cercan\u00eda con la gente que genera calidez. En ese contexto, lo que tu pretendes aflora de una manera m\u00e1s n\u00edtida.<\/p>\n<p><strong>En esa diferenciaci\u00f3n de espacios, \u00bfel Manolo Garc\u00eda espectador, a estas alturas de la pel\u00edcula, es de los de primera fila o el concierto mejor desde la barra o al lado de la mesa de sonido?<\/strong><\/p>\n<p>(Risas) Suelo ir a muchos conciertos, la verdad. El pasado lunes estuve en uno, por ejemplo, y lo que procuro es buscar un sitio donde se escuche bien. Me gusta ver c\u00f3mo los m\u00fasicos se mueven en el escenario, su actitud, sus gestos. En un concierto grande te encuentras hasta gente con prism\u00e1ticos. Hombre, yo tambi\u00e9n he estado en primera fila dando saltos, pero ahora no. Si me das a elegir, escojo, al 100%, un escenario peque\u00f1o o mediano. Las salas para 300 personas me encantan porque el alma musical est\u00e1 ah\u00ed. \u00bfConcierto grande? Voy a pocos. El artista me tiene que interesar much\u00edsimo para que vaya.<\/p>\n<p><strong>Volvamos al Manolo Garc\u00eda m\u00fasico. \u00bf\u00c9l c\u00f3mo se siente cuando, en una gira como la actual, no para de encontrarse con actuaciones donde no quedan entradas, en algunos casos, desde tiempo atr\u00e1s? \u00bfC\u00f3mo se controla el ego que eso tiene que producir?<\/strong><\/p>\n<p>Mira, yo tengo much\u00edsimos defectos, pero tengo alguna virtud y ah\u00ed el ego lo tengo muy controlado. Ya queda satisfecho cuando sales al escenario y la gente te aplaude. He tenido una escuela de aprendizaje muy severa. Empec\u00e9 a tocar muy joven. La primera vez que me sub\u00ed a un escenario ten\u00eda 13 a\u00f1os y tengo una fotograf\u00eda que lo demuestra (risas). Pero hasta que pude hacer las cosas como yo quer\u00eda pasaron 19 a\u00f1os de picar piedra, aprendiendo el oficio. Tocar ante gente que incluso le da igual la banda que tiene delante, cargar y descargar, actuar una noche y al d\u00eda siguiente ir al trabajo porque no viv\u00eda de la m\u00fasica&#8230; te curte mucho. Cuando El \u00daltimo de la Fila empez\u00f3 a ser famoso yo ya ten\u00eda 30 a\u00f1os. Nunca he cre\u00eddo que unos cuantos puedan volar por encima de los dem\u00e1s, todos estamos a ras de suelo. Me da igual que te llames Bob Dylan, Bono&#8230; Eso lo he tenido siempre muy claro. Soy un ciudadano que es serio con su tarea. Punto. Cuando me bajo del escenario no tengo la sensaci\u00f3n de ser nadie especial.<\/p>\n<p><strong>Son muchos a\u00f1os y muchos \u00e9xitos. Cuando saca un disco como &#8216;Los d\u00edas intactos&#8217;, \u00bfhay que luchar contra todos estos temas pasados para que se escuche lo nuevo?<\/strong><\/p>\n<p>Tengo un mecanismo interno muy natural, as\u00ed que cuando me pongo con cosas nuevas no pienso en que tengo que superar el disco anterior o las ventas oay algo, una tecla en mi ordenador de abordo, que hace que no me sienta obligado. Si disfruto con lo que estoy componiendo, avanzo. No estoy pensando en que si hago esto o lo otro voy a vender la hostia. No me sale. Amo la m\u00fasica, aunque te suene tonto. Floto en cuanto me sale algo que me gusta, me dejo ir como en una pista de hielo. Si yo me lo he pasado bien haciendo un disco, si he disfrutado, a tomar por saco la bicicleta. Si no, vaya mierda. \u00c9sa es la clave. \u00bfQu\u00e9 gusta? Genial, pero no tengo una varita m\u00e1gica, no soy un ordenador preparado para hacer canciones de \u00e9xito. Esto es algo completamente aleatorio. La m\u00fasica es como un soplo, no hay nada en el aire, no hay nada que agarrar. La \u00fanica idea b\u00e1sica es que si empiezo a hacer una canci\u00f3n que se parece a otra, la borro. Eso es importante.<\/p>\n<p><strong>A estas alturas de la gira, \u00bftodav\u00eda se pone &#8216;Los d\u00edas intactos&#8217; en el equipo de casa?<\/strong><\/p>\n<p>Cuando acabas un disco, lo has escuchado tanto que yo no suelo volver a \u00e9l hasta tres a\u00f1os despu\u00e9s. O de repente un d\u00eda, en un bar, te encuentras con una canci\u00f3n antigua y yo, la verdad, hasta me sorprendo. Pero me gusta avanzar porque si no es un poco enfermizo salir de un concierto, llegar a casa y ponerte las mismas canciones.<\/p>\n<p><strong>Y adem\u00e1s hay un Manolo Garc\u00eda pintor. \u00bfLas sensaciones son las mismas que con la m\u00fasica?<\/strong><\/p>\n<p>En esencia, s\u00ed porque soy el mismo esc\u00e9ptico, el mismo participativo. Yo, en el d\u00eda a d\u00eda, cuando salgo a la calle me quedo como un chiquillo, con la boca abierta. Flipo, como se suele decir, con todo, con lo bueno y con lo malo. Soy una persona que intenta caminar, que no quiere quedarse parada, que busca aprender, mirar, pensar, ver lo que est\u00e1 pasando, este culebr\u00f3n global pol\u00edtico, econ\u00f3mico y social. Me asombra todo: Hamas, Israel, la independencia de Catalu\u00f1a. Rajoy&#8230; \u00c9se es el Manolo que luego hace canciones y tambi\u00e9n cuadros.<\/p>\n<p><strong>Ahora que habla de todo eso, \u00bfno hay d\u00edas, como le pasa a mucha gente, que tiene ganas de pedir al mundo que se pare para bajarse?<\/strong><\/p>\n<p>Bueno, es que lo paro cada noche cuando me subo al escenario, cada vez que me pongo frente al caballete, cada vez que abro un libro&#8230; Todos tenemos una forma de parar el mundo. Si no, ser\u00eda insoportable. Ahora tenemos informaci\u00f3n a todas horas, informaci\u00f3n sesgada y manipulada como ellos quieren. Por eso tengo mi palanca de freno como la tienen millones de personas, sea saliendo del trabajo cinco minutos para fumar un cigarro o jugando al domin\u00f3 o&#8230;<\/p>\n<p><strong>En la situaci\u00f3n actual de crisis hay muchas voces que dicen que existen cosas mucho m\u00e1s importantes que la cultura.<\/strong><\/p>\n<p>Vamos a ver, la cultura viene despu\u00e9s de que tengas la barriga llena y la salud atendida. Todo el mundo tiene que comer y tener una vida digna. La cultura est\u00e1 luego. La cultura es salud mental. Me puede parecer una putada, por ejemplo, la cuesti\u00f3n del IVA, pero primero dir\u00e9: qu\u00e9 est\u00e1is haciendo privatizando la Sanidad o qu\u00e9 est\u00e1is haciendo que hay gente en la calle muri\u00e9ndose de hambre y de fr\u00edo&#8230; \u00bfSomos humanos o qu\u00e9? Vale, estamos en un sistema neoliberal y dicen que tiene que haber gente con m\u00e1s dinero que otros. Pues que se lo queden. Lo que no tendr\u00eda que existir es la clase baja. Dignidad. Ah\u00ed est\u00e1. La gran mayor\u00eda de nosotros somos decentes, trabajamos duro y pagamos nuestros impuestos. Yo no tengo ning\u00fan problema en aportar lo que sea, pero no quiero ver a gente tirada en la calle que no puede llevar a sus hijos al m\u00e9dico, que es desahuciada, que no tiene trabajo&#8230; Pero ellos van a gravar a los de abajo, a recortarles, cuando lo que hay que hacer es recortar a los de arriba, que van sobrados.<\/p>\n<p><strong>De todas formas, como en diferentes etapas musicales de Manolo Garc\u00eda el humor ha tenido mucho peso, \u00bfen tiempos como los actuales nos hace falta un poco m\u00e1s de eso?<\/strong><\/p>\n<p>Es una herramienta a la que nos tenemos que agarrar porque si no entramos en un terreno muy pesado. Los antiguos griegos ya lo sab\u00edan: tomarte en serio a ti mismo es un peligro. M\u00e1s que El \u00daltimo de la Fila, Los Burros ten\u00edamos un cachondeo acojonante en este sentido que comentas. Ah\u00ed hab\u00eda una parte muy importante de Quimi Portet, que tiene un humor muy concreto que yo tambi\u00e9n compart\u00ed. Pero bueno, puedes poner otros ejemplos como Os Resentidos, Siniestro Total o Las Vulpes con lo de\u00a0<em>Quiero ser una zorra<\/em>&#8230; Que somos m\u00fasicos de rock y eso se tiene que notar. Yo, tal vez, con los a\u00f1os aplico menos el humor en la m\u00fasica, pero la iron\u00eda, si la buscas, est\u00e1 ah\u00ed.<\/p>\n<p><strong>A Gasteiz regresa despu\u00e9s de unos cuantos a\u00f1os aunque, en realidad, \u00bfle queda alg\u00fan sitio del Estado en el que no haya tocado en toda su carrera musical?<\/strong><\/p>\n<p>(Risas) Capitales de provincia, no. Luego ya si vamos a poblaciones que no sean capitales de provincia y que cuenten con unas instalaciones adecuadas para conciertos, pues tampoco creo que me quede alguna. Lo de hacer cinco noches en cinco sitios grandes y luego irme a casa, no me va. Yo quer\u00eda ser un se\u00f1or que tocaba y que iba por las carreteras y en ello estoy. Soy m\u00e1s de ir puerta a puerta, como los trovadores con su carro de pueblo en pueblo. Es cierto que en la gira anterior me falt\u00f3 venir a Vitoria y por eso en \u00e9sta quer\u00eda s\u00ed o s\u00ed volver. Es que me apetece y quiero y siempre hay alguien que me quiere ver.<\/p>\n<p>\u00abLa cultura viene despu\u00e9s de que tengas la barriga llena y la salud atendida; es salud mental\u00bb<\/p>\n<p>\u00abNunca he cre\u00eddo que unos cuantos puedan volar por encima de los dem\u00e1s, todos estamos a ras de suelo\u00bb<\/p>\n<p>Fuente: Noticias de \u00c1lava &#8211; <a href=\"http:\/\/www.noticiasdealava.com\/2012\/11\/25\/ocio-y-cultura\/cultura\/no-tengo-una-varita-magica-no-soy-un-ordenador-preparado-para-hacer-canciones-de-exito\" target=\"_blank\">ENLACE<\/a><\/p>\n","protected":false},"excerpt":{"rendered":"<p>Llega el pr\u00f3ximo viernes a Vitoria en lo que ser\u00e1 el pen\u00faltimo concierto de la gira de &#8216;Los d\u00edas intactos&#8217; antes de la despedida en Madrid. \u00bfEst\u00e1 ya pensando en el momento de terminar y coger unos d\u00edas de descanso? Todo depende de c\u00f3mo plantees las giras. En los tiempos en los que estaba en<a class=\"moretag\" href=\"https:\/\/www.manologarciaycia.com\/?p=4136\" title=\"MG: \u00abNo tengo una varita m\u00e1gica, no soy un ordenador preparado para hacer canciones de \u00e9xito\u00bb\" target=\"_self\" rel=\"follow\"> <font face=arial size=2>[Leer m\u00e1s]<\/font> <\/a><\/p>\n","protected":false},"author":2,"featured_media":0,"comment_status":"closed","ping_status":"closed","sticky":false,"template":"","format":"standard","meta":{"footnotes":""},"categories":[1],"tags":[],"class_list":["post-4136","post","type-post","status-publish","format-standard","hentry","category-manolo-garcia"],"_links":{"self":[{"href":"https:\/\/www.manologarciaycia.com\/index.php?rest_route=\/wp\/v2\/posts\/4136","targetHints":{"allow":["GET"]}}],"collection":[{"href":"https:\/\/www.manologarciaycia.com\/index.php?rest_route=\/wp\/v2\/posts"}],"about":[{"href":"https:\/\/www.manologarciaycia.com\/index.php?rest_route=\/wp\/v2\/types\/post"}],"author":[{"embeddable":true,"href":"https:\/\/www.manologarciaycia.com\/index.php?rest_route=\/wp\/v2\/users\/2"}],"replies":[{"embeddable":true,"href":"https:\/\/www.manologarciaycia.com\/index.php?rest_route=%2Fwp%2Fv2%2Fcomments&post=4136"}],"version-history":[{"count":2,"href":"https:\/\/www.manologarciaycia.com\/index.php?rest_route=\/wp\/v2\/posts\/4136\/revisions"}],"predecessor-version":[{"id":4138,"href":"https:\/\/www.manologarciaycia.com\/index.php?rest_route=\/wp\/v2\/posts\/4136\/revisions\/4138"}],"wp:attachment":[{"href":"https:\/\/www.manologarciaycia.com\/index.php?rest_route=%2Fwp%2Fv2%2Fmedia&parent=4136"}],"wp:term":[{"taxonomy":"category","embeddable":true,"href":"https:\/\/www.manologarciaycia.com\/index.php?rest_route=%2Fwp%2Fv2%2Fcategories&post=4136"},{"taxonomy":"post_tag","embeddable":true,"href":"https:\/\/www.manologarciaycia.com\/index.php?rest_route=%2Fwp%2Fv2%2Ftags&post=4136"}],"curies":[{"name":"wp","href":"https:\/\/api.w.org\/{rel}","templated":true}]}}