{"id":4133,"date":"2012-11-26T09:37:33","date_gmt":"2012-11-26T08:37:33","guid":{"rendered":"http:\/\/www.manologarciaycia.com\/?p=4133"},"modified":"2012-11-26T09:37:33","modified_gmt":"2012-11-26T08:37:33","slug":"mg-cierra-su-gira-teatral-el-4-de-diciembre-con-un-concierto-en-el-palacio-de-congresos-de-madrid-con-las-entradas-agotadas","status":"publish","type":"post","link":"https:\/\/www.manologarciaycia.com\/?p=4133","title":{"rendered":"MG: CIERRA SU GIRA TEATRAL EL 4 DE DICIEMBRE CON UN CONCIERTO EN EL PALACIO DE CONGRESOS DE MADRID, CON LAS ENTRADAS AGOTADAS"},"content":{"rendered":"<p><img loading=\"lazy\" decoding=\"async\" class=\"alignleft\" src=\"http:\/\/www.manolo-garcia.com\/sites\/mgarcia\/files\/imagecache\/600wide_max\/MG%20directo_0.jpg\" alt=\" MANOLO GARC\u00cdA CIERRA SU GIRA TEATRAL EL 4 DE DICIEMBRE CON UN CONCIERTO EN EL PALACIO DE CONGRESOS DE MADRID, CON LAS ENTRADAS AGOTADAS\" width=\"414\" height=\"305\" \/><\/p>\n<p>El pr\u00f3ximo 4 de diciembre y con las entradas agotadas desde hace semanas, Manolo Garc\u00eda cierra su Gira Teatral en la que presenta su \u00faltimo \u00e1lbum Los d\u00edas intactos con un concierto en el Palacio de Congresos (Paseo de la Castellana, 99) de Madrid, que ser\u00e1 el s\u00e9ptimo de los ofrecidos en 2012 en esta ciudad.<\/p>\n<p>La Gira Teatral comenz\u00f3 en febrero de 2012 en Roquetas de Mar (Almer\u00eda) y desde entonces Manolo Garc\u00eda ha ofrecido m\u00e1s de 50 conciertos, casi todos (m\u00e1s del 90 %) con las entradas agotadas, lo que oblig\u00f3 a repetir actuaci\u00f3n en ciudades como Madrid, Barcelona, Murcia, Almer\u00eda, Granada, Zaragoza, Bilbao o Valencia. Con siete m\u00fasicos en el escenario y una cuidad\u00edsima producci\u00f3n de sonido y luces (como es habitual en los conciertos de Manolo Garc\u00eda), esta gira ha ofrecido el mejor directo del artista con el plus de una cercan\u00eda con el p\u00fablico que ha dado muchas noches memorables.<\/p>\n<p>En estos conciertos, Manolo Garc\u00eda interpreta casi 30 canciones, con especial atenci\u00f3n a su \u00faltimo \u00e1lbum Los d\u00edas intactos (n\u00ba1 en Espa\u00f1a y tres Discos de Platino), aunque tambi\u00e9n suenan temas de Los Burros y El \u00daltimo de la Fila. En la gira han destacado los seis conciertos celebrados en abril en el Palacio Municipal de Congresos del Campo de las Naciones de Madrid y los seis del Palau de la M\u00fasica de Barcelona, todos con las entradas vendidas con meses de antelaci\u00f3n (las del Palau se vendieron en menos de media hora).<\/p>\n<p>Antes de cerrar su gira el 4 de diciembre en Madrid, Manolo Garc\u00eda actuar\u00e1 el 28 de noviembre en San Sebasti\u00e1n (Kursaal) y el 30 de Vitoria (Iradier Arena).<\/p>\n<p>Fuente: P\u00e1gina Oficial Manolo Garc\u00eda &#8211; <a href=\"http:\/\/www.manolo-garcia.com\/news\/manolo-garc%C3%AD-cierra-su-gira-teatral-el-4-de-diciembre-con-un-concierto-en-el-palacio-de-congres\" target=\"_blank\">ENLACE<\/a><\/p>\n","protected":false},"excerpt":{"rendered":"<p>El pr\u00f3ximo 4 de diciembre y con las entradas agotadas desde hace semanas, Manolo Garc\u00eda cierra su Gira Teatral en la que presenta su \u00faltimo \u00e1lbum Los d\u00edas intactos con un concierto en el Palacio de Congresos (Paseo de la Castellana, 99) de Madrid, que ser\u00e1 el s\u00e9ptimo de los ofrecidos en 2012 en esta<a class=\"moretag\" href=\"https:\/\/www.manologarciaycia.com\/?p=4133\" title=\"MG: CIERRA SU GIRA TEATRAL EL 4 DE DICIEMBRE CON UN CONCIERTO EN EL PALACIO DE CONGRESOS DE MADRID, CON LAS ENTRADAS AGOTADAS\" target=\"_self\" rel=\"follow\"> <font face=arial size=2>[Leer m\u00e1s]<\/font> <\/a><\/p>\n","protected":false},"author":2,"featured_media":0,"comment_status":"closed","ping_status":"closed","sticky":false,"template":"","format":"standard","meta":{"footnotes":""},"categories":[1],"tags":[],"class_list":["post-4133","post","type-post","status-publish","format-standard","hentry","category-manolo-garcia"],"_links":{"self":[{"href":"https:\/\/www.manologarciaycia.com\/index.php?rest_route=\/wp\/v2\/posts\/4133","targetHints":{"allow":["GET"]}}],"collection":[{"href":"https:\/\/www.manologarciaycia.com\/index.php?rest_route=\/wp\/v2\/posts"}],"about":[{"href":"https:\/\/www.manologarciaycia.com\/index.php?rest_route=\/wp\/v2\/types\/post"}],"author":[{"embeddable":true,"href":"https:\/\/www.manologarciaycia.com\/index.php?rest_route=\/wp\/v2\/users\/2"}],"replies":[{"embeddable":true,"href":"https:\/\/www.manologarciaycia.com\/index.php?rest_route=%2Fwp%2Fv2%2Fcomments&post=4133"}],"version-history":[{"count":1,"href":"https:\/\/www.manologarciaycia.com\/index.php?rest_route=\/wp\/v2\/posts\/4133\/revisions"}],"predecessor-version":[{"id":4134,"href":"https:\/\/www.manologarciaycia.com\/index.php?rest_route=\/wp\/v2\/posts\/4133\/revisions\/4134"}],"wp:attachment":[{"href":"https:\/\/www.manologarciaycia.com\/index.php?rest_route=%2Fwp%2Fv2%2Fmedia&parent=4133"}],"wp:term":[{"taxonomy":"category","embeddable":true,"href":"https:\/\/www.manologarciaycia.com\/index.php?rest_route=%2Fwp%2Fv2%2Fcategories&post=4133"},{"taxonomy":"post_tag","embeddable":true,"href":"https:\/\/www.manologarciaycia.com\/index.php?rest_route=%2Fwp%2Fv2%2Ftags&post=4133"}],"curies":[{"name":"wp","href":"https:\/\/api.w.org\/{rel}","templated":true}]}}