{"id":4128,"date":"2012-11-23T10:50:54","date_gmt":"2012-11-23T09:50:54","guid":{"rendered":"http:\/\/www.manologarciaycia.com\/?p=4128"},"modified":"2012-11-23T10:50:54","modified_gmt":"2012-11-23T09:50:54","slug":"mg-en-escena-se-te-olvidan-los-dolores","status":"publish","type":"post","link":"https:\/\/www.manologarciaycia.com\/?p=4128","title":{"rendered":"MG: \u00abEn escena se te olvidan los dolores\u00bb"},"content":{"rendered":"<p><img loading=\"lazy\" decoding=\"async\" class=\"alignleft\" src=\"http:\/\/dvocion.diariovasco.com\/musica\/fotos\/manolo-garcia-3.jpg\" alt=\"Manolo Garc\u00eda\" width=\"407\" height=\"220\" \/>\u00a0No ha estado &#8216;intacto&#8217; el catal\u00e1n sino atacado por lumbalgias, pero tras el traspi\u00e9s estar\u00e1 ahora en el Kursaal.<\/p>\n<p>Af\u00f3nico habla\u00a0<strong>Manolo Garc\u00eda<\/strong>\u00a0sobre la gira que le oblig\u00f3 a posponer en primavera su cita donostiarra, primero por apendicitis y despu\u00e9s por una lumbalgia. \u00abEs por tirarme un hora hablando con la gente tras el \u00faltimo concierto\u00bb, comenta quien repudia las redes sociales. \u00abNo quiero tener cincuenta mil amigos virtuales. Ya me cuesta un huevo tener dos buenos y conservarlos\u00bb. La cercan\u00eda f\u00edsica y sensorial con su audiencia intergeneracional es lo que\u00a0<strong>Manolo<\/strong>\u00a0prima en el tour teatral de &#8216;<strong>Los d\u00edas intactos<\/strong>&#8216; que, con el papel ya casi agotado, pasar\u00e1 el\u00a0<strong>mi\u00e9rcoles por el Kursaal<\/strong>\u00a0y el viernes por el vitoriano Iradier Arena.<\/p>\n<p><strong>\u2013La gira est\u00e1 en la recta final, \u00bfcon ganas de acabar?<\/strong><br \/>\n\u2013No, esto no es una obligaci\u00f3n. Adem\u00e1s de Donosti, Vitoria y Madrid, donde acabar\u00e9 el 4 de diciembre, llevamos 56 conciertos. Pero como solo hago dos a la semana y me vuelvo a casa, no tengo la sensaci\u00f3n de agotamiento de los maratones de verano que se hac\u00edan antes. Nunca he tenido \u00ednfulas de grandeza y una gira as\u00ed es perfecta. Es un tour sostenible en todos los sentidos. Podr\u00eda hacer la gira interminable, como Dylan.<\/p>\n<p><strong>\u2013\u00bfHas tenido nuevos achaques tras la lumbalgia?<\/strong><\/p>\n<p>\u2013Con los a\u00f1os de tralla, te salen dolores de espalda y dem\u00e1s. Pero de momento, no hay que rematarme y tras aquella parada obligada no me contengo nada en directo. La gente te transmite una energ\u00eda que, por tocado que est\u00e9s, en escena se te olvidan los dolores. Incluso en casos extremos, como en Salamanca; estaba cascado como una visagra y sub\u00ed al escenario con bast\u00f3n. Me jodi\u00f3 mucho tener que parar, apenas he suspendido nunca, salvo por inclemencias del tiempo. Pero el m\u00e9dico me dijo: o paras o no acabas la gira.<\/p>\n<p><strong>\u2013\u00bfHaces vida normal?<\/strong><br \/>\n\u2013Me dedico a pintar entre semana y, de vez en cuando, hago alguna exposici\u00f3n, como la reciente de Tarragona. Pero no con \u00e1nimo de venta. Me apunto a iniciativas culturales o propuestas de alg\u00fan colectivo ecologista y as\u00ed. Alguna vez he vendido algo, pero para alguna asociaci\u00f3n ben\u00e9fica. Me cabrea el pluriempleo. Si lo practica una persona que se gana bien, pues mal. Y si alguien se ve obligado al acumular infra empleos para llegar a fin de mes, tambi\u00e9n.<\/p>\n<p><strong>\u2013Pese a tocar en teatros, tu actitud y la del p\u00fablico no difieren mucho de los que ofreces al aire libre.<\/strong><br \/>\n\u2013Hay una parte ac\u00fastica con Nacho (Lesko) al piano, sin bater\u00eda y con los m\u00fasicos sentados. Pero es cierto, para bien o para mal, me va la marcha y me bajo a la platea o animo a la gente que se levanta y canta las canciones. Y eso que me gustan los conciertos ac\u00fasticos. Vi el otro d\u00eda a Patti Smith en Barcelona y me pareci\u00f3 genial. Como ella, tendr\u00eda que dejar las guitarras el\u00e9ctricas, pero el cuerpo no me lo pide. Vengo del rock cl\u00e1sico: Led Zeppelin, Eric Burdon, los Stones&#8230; y ese sustrato siempre est\u00e1 ah\u00ed. Puede que escuche a Camar\u00f3n, Wilco o Green Day, pero aunque me haya abierto a otras cosas en mis discos jam\u00e1s he abandonado la r\u00edtmica del rock. Aunque nunca me he conformado con ello.<\/p>\n<p><strong>\u2013Como Patti Smith, no puedes evitar presentar las canciones con alusiones a la realidad social o ecol\u00f3gica.<\/strong><br \/>\n\u2013A veces, me lo pide el cuerpo. Como a cualquier ciudadano de esta sociedad que paga impuestos y no tiene cuentas en sitios raros. Hay muchas formas de conectar con el personal. Claro que, de igual manera, defiendo a quienes se limitan a hacer su repertorio. A mi no me hace falta o\u00edr hablar a Calamaro para ver por d\u00f3nde va, su obra ya me dice mucho. No pretendo predicar ni hacer proselitismo, pero cuando veo las noticias me caliento. Comparto la indignaci\u00f3n de mucha gente .<\/p>\n<p><strong>\u2013\u00bfTe interesa la pol\u00edtica partidaria? \u00bfVotar\u00e1s en las elecciones catalanas?<\/strong><br \/>\n\u2013Tengo dudas. A veces digo que no ir\u00e9 y otras, como hoy, pienso que significa algo y quiero poner mi granito de arena para contrapesar la pol\u00edtica tan estramb\u00f3tica y alejada de la realidad que vivimos Que cada vez m\u00e1s gente honrada las pase canutas en un pa\u00eds democr\u00e1tico que aspira al bienestar social es completamente injusto. Vivimos un caos muy extra\u00f1o<\/p>\n<p><strong>\u2013\u00bfTienes algo en la agenda para despu\u00e9s de esta gira?<\/strong><br \/>\n\u2013No. No tengo ganas de tocar fuera. S\u00f3lo de ponerme a pintar como loco y a componer. El m\u00fasico siempre esta en busca de la canci\u00f3n perfecta que nunca encuentra. No tengo grandes aspiraciones, m\u00e1s all\u00e1 de mantener la ilusi\u00f3n por lo que hago.<\/p>\n<p>Fuente: Diario Vasco &#8211; <a href=\"http:\/\/dvocion.diariovasco.com\/musica\/manolo-garcia-201211230952.php\" target=\"_blank\">ENLACE<\/a><\/p>\n","protected":false},"excerpt":{"rendered":"<p>\u00a0No ha estado &#8216;intacto&#8217; el catal\u00e1n sino atacado por lumbalgias, pero tras el traspi\u00e9s estar\u00e1 ahora en el Kursaal. Af\u00f3nico habla\u00a0Manolo Garc\u00eda\u00a0sobre la gira que le oblig\u00f3 a posponer en primavera su cita donostiarra, primero por apendicitis y despu\u00e9s por una lumbalgia. \u00abEs por tirarme un hora hablando con la gente tras el \u00faltimo concierto\u00bb,<a class=\"moretag\" href=\"https:\/\/www.manologarciaycia.com\/?p=4128\" title=\"MG: \u00abEn escena se te olvidan los dolores\u00bb\" target=\"_self\" rel=\"follow\"> <font face=arial size=2>[Leer m\u00e1s]<\/font> <\/a><\/p>\n","protected":false},"author":2,"featured_media":0,"comment_status":"closed","ping_status":"closed","sticky":false,"template":"","format":"standard","meta":{"footnotes":""},"categories":[1],"tags":[],"class_list":["post-4128","post","type-post","status-publish","format-standard","hentry","category-manolo-garcia"],"_links":{"self":[{"href":"https:\/\/www.manologarciaycia.com\/index.php?rest_route=\/wp\/v2\/posts\/4128","targetHints":{"allow":["GET"]}}],"collection":[{"href":"https:\/\/www.manologarciaycia.com\/index.php?rest_route=\/wp\/v2\/posts"}],"about":[{"href":"https:\/\/www.manologarciaycia.com\/index.php?rest_route=\/wp\/v2\/types\/post"}],"author":[{"embeddable":true,"href":"https:\/\/www.manologarciaycia.com\/index.php?rest_route=\/wp\/v2\/users\/2"}],"replies":[{"embeddable":true,"href":"https:\/\/www.manologarciaycia.com\/index.php?rest_route=%2Fwp%2Fv2%2Fcomments&post=4128"}],"version-history":[{"count":1,"href":"https:\/\/www.manologarciaycia.com\/index.php?rest_route=\/wp\/v2\/posts\/4128\/revisions"}],"predecessor-version":[{"id":4129,"href":"https:\/\/www.manologarciaycia.com\/index.php?rest_route=\/wp\/v2\/posts\/4128\/revisions\/4129"}],"wp:attachment":[{"href":"https:\/\/www.manologarciaycia.com\/index.php?rest_route=%2Fwp%2Fv2%2Fmedia&parent=4128"}],"wp:term":[{"taxonomy":"category","embeddable":true,"href":"https:\/\/www.manologarciaycia.com\/index.php?rest_route=%2Fwp%2Fv2%2Fcategories&post=4128"},{"taxonomy":"post_tag","embeddable":true,"href":"https:\/\/www.manologarciaycia.com\/index.php?rest_route=%2Fwp%2Fv2%2Ftags&post=4128"}],"curies":[{"name":"wp","href":"https:\/\/api.w.org\/{rel}","templated":true}]}}