{"id":4123,"date":"2012-11-22T09:22:58","date_gmt":"2012-11-22T08:22:58","guid":{"rendered":"http:\/\/www.manologarciaycia.com\/?p=4123"},"modified":"2012-11-22T09:22:58","modified_gmt":"2012-11-22T08:22:58","slug":"mg-manolo-garcia-en-los-premios-rollingstone","status":"publish","type":"post","link":"https:\/\/www.manologarciaycia.com\/?p=4123","title":{"rendered":"MG: Manolo Garcia en los premios RollingStone"},"content":{"rendered":"<p><img loading=\"lazy\" decoding=\"async\" class=\"alignright\" src=\"https:\/\/fbcdn-sphotos-f-a.akamaihd.net\/hphotos-ak-snc7\/302851_287929777976302_1300608910_n.jpg\" alt=\"\" width=\"512\" height=\"341\" \/> Manolo Garc\u00eda recogiendo el premio Rolling Stone al mejor Grupo de la Historia del Pop-Rock Espa\u00f1ol: El \u00daltimo de la Fila.<\/p>\n<p><em>\u00abYo empec\u00e9 en la m\u00fasica porque yo era seguidor de la m\u00fasica en nuestra lengua<\/em>\u00ab, se confiesa otro nombre indispensable del rock patrio, <strong>Manolo Garc\u00eda<\/strong>, que recoge el \u00faltimo premio de la noche, concedido al grupo que form\u00f3 junto a <strong>Quimi Portet<\/strong> (quien no ha podido asistir): <span style=\"text-decoration: underline;\"><strong>El \u00daltimo de la Fila<\/strong><\/span>, considerado el Mejor Grupo de la historia del pop-rock espa\u00f1ol.<\/p>\n<p>Se lo entrega Pedro Javaloyes en nombre de todo el equipo de la revista.<\/p>\n<p>Y dej\u00f3 una \u00faltima reivindicaci\u00f3n antes de marcharse: \u00abNo al 21% de IVA en la cultura\u00bb.<\/p>\n<p><img decoding=\"async\" class=\"aligncenter\" src=\"https:\/\/fbcdn-sphotos-b-a.akamaihd.net\/hphotos-ak-prn1\/542846_287930047976275_1134866643_n.jpg\" alt=\"\" \/><\/p>\n<p>Fuente: RollingStone<\/p>\n","protected":false},"excerpt":{"rendered":"<p>Manolo Garc\u00eda recogiendo el premio Rolling Stone al mejor Grupo de la Historia del Pop-Rock Espa\u00f1ol: El \u00daltimo de la Fila. \u00abYo empec\u00e9 en la m\u00fasica porque yo era seguidor de la m\u00fasica en nuestra lengua\u00ab, se confiesa otro nombre indispensable del rock patrio, Manolo Garc\u00eda, que recoge el \u00faltimo premio de la noche, concedido<a class=\"moretag\" href=\"https:\/\/www.manologarciaycia.com\/?p=4123\" title=\"MG: Manolo Garcia en los premios RollingStone\" target=\"_self\" rel=\"follow\"> <font face=arial size=2>[Leer m\u00e1s]<\/font> <\/a><\/p>\n","protected":false},"author":2,"featured_media":0,"comment_status":"closed","ping_status":"closed","sticky":false,"template":"","format":"standard","meta":{"footnotes":""},"categories":[1],"tags":[],"class_list":["post-4123","post","type-post","status-publish","format-standard","hentry","category-manolo-garcia"],"_links":{"self":[{"href":"https:\/\/www.manologarciaycia.com\/index.php?rest_route=\/wp\/v2\/posts\/4123","targetHints":{"allow":["GET"]}}],"collection":[{"href":"https:\/\/www.manologarciaycia.com\/index.php?rest_route=\/wp\/v2\/posts"}],"about":[{"href":"https:\/\/www.manologarciaycia.com\/index.php?rest_route=\/wp\/v2\/types\/post"}],"author":[{"embeddable":true,"href":"https:\/\/www.manologarciaycia.com\/index.php?rest_route=\/wp\/v2\/users\/2"}],"replies":[{"embeddable":true,"href":"https:\/\/www.manologarciaycia.com\/index.php?rest_route=%2Fwp%2Fv2%2Fcomments&post=4123"}],"version-history":[{"count":1,"href":"https:\/\/www.manologarciaycia.com\/index.php?rest_route=\/wp\/v2\/posts\/4123\/revisions"}],"predecessor-version":[{"id":4124,"href":"https:\/\/www.manologarciaycia.com\/index.php?rest_route=\/wp\/v2\/posts\/4123\/revisions\/4124"}],"wp:attachment":[{"href":"https:\/\/www.manologarciaycia.com\/index.php?rest_route=%2Fwp%2Fv2%2Fmedia&parent=4123"}],"wp:term":[{"taxonomy":"category","embeddable":true,"href":"https:\/\/www.manologarciaycia.com\/index.php?rest_route=%2Fwp%2Fv2%2Fcategories&post=4123"},{"taxonomy":"post_tag","embeddable":true,"href":"https:\/\/www.manologarciaycia.com\/index.php?rest_route=%2Fwp%2Fv2%2Ftags&post=4123"}],"curies":[{"name":"wp","href":"https:\/\/api.w.org\/{rel}","templated":true}]}}