{"id":4121,"date":"2012-11-22T09:20:49","date_gmt":"2012-11-22T08:20:49","guid":{"rendered":"http:\/\/www.manologarciaycia.com\/?p=4121"},"modified":"2012-11-22T09:20:49","modified_gmt":"2012-11-22T08:20:49","slug":"mg-la-gira-teatral-de-manolo-garcia-llega-al-kursaal-de-san-sebastian","status":"publish","type":"post","link":"https:\/\/www.manologarciaycia.com\/?p=4121","title":{"rendered":"MG: La gira teatral de Manolo Garc\u00eda llega al Kursaal de San Sebasti\u00e1n"},"content":{"rendered":"<p>La gira de teatros y auditorios de Manolo Garc\u00eda llegar\u00e1 el pr\u00f3ximo d\u00eda 28 a San Sebasti\u00e1n con el concierto que ofrecer\u00e1 en el Auditorio Kursaal para presentar su \u00faltimo trabajo titulado &#8216;Los d\u00edas intactos&#8217;. Las entradas para la actuaci\u00f3n en la capital guipuzcoana est\u00e1n pr\u00e1cticamente agotadas. Seg\u00fan ha informado la productora del cantante, la gira est\u00e1 teniendo una acogida \u00abmagn\u00edfica\u00bb, agotando entradas en el 95 por ciento de sus fechas.<\/p>\n<p>En este tour han destacado especialmente sus seis d\u00edas en el Palacio Municipal de Congresos del Campo de las Naciones de Madrid el pasado mes de abril y otros seis en Barcelona, con las entradas agotadas para todos ellos con muchos meses de antelaci\u00f3n. En el caso del Palau de la M\u00fasica, agot\u00f3 entradas en menos de media hora. La gira comenz\u00f3 en Roquetas (Almer\u00eda) el pasado mes de febrero y est\u00e1 ya en recta final. Tras esta cita en San Sebasti\u00e1n, recalar\u00e1 en Vitoria el d\u00eda 30 y tendr\u00e1 su broche final en un \u00faltimo concierto en Madrid el d\u00eda 4 de diciembre. Con m\u00e1s de cincuenta conciertos, la Gira Teatral de Manolo Garc\u00eda habr\u00e1 sido este a\u00f1o tambi\u00e9n la m\u00e1s larga.<\/p>\n<p>Fuente: EuropaPress &#8211; <a href=\"http:\/\/www.europapress.es\/euskadi\/noticia-gira-teatral-manolo-garcia-llega-proximo-dia-28-kursaal-san-sebastian-20121121120708.html\" target=\"_blank\">ENLACE<\/a><\/p>\n","protected":false},"excerpt":{"rendered":"<p>La gira de teatros y auditorios de Manolo Garc\u00eda llegar\u00e1 el pr\u00f3ximo d\u00eda 28 a San Sebasti\u00e1n con el concierto que ofrecer\u00e1 en el Auditorio Kursaal para presentar su \u00faltimo trabajo titulado &#8216;Los d\u00edas intactos&#8217;. Las entradas para la actuaci\u00f3n en la capital guipuzcoana est\u00e1n pr\u00e1cticamente agotadas. Seg\u00fan ha informado la productora del cantante, la<a class=\"moretag\" href=\"https:\/\/www.manologarciaycia.com\/?p=4121\" title=\"MG: La gira teatral de Manolo Garc\u00eda llega al Kursaal de San Sebasti\u00e1n\" target=\"_self\" rel=\"follow\"> <font face=arial size=2>[Leer m\u00e1s]<\/font> <\/a><\/p>\n","protected":false},"author":2,"featured_media":0,"comment_status":"closed","ping_status":"closed","sticky":false,"template":"","format":"standard","meta":{"footnotes":""},"categories":[1],"tags":[],"class_list":["post-4121","post","type-post","status-publish","format-standard","hentry","category-manolo-garcia"],"_links":{"self":[{"href":"https:\/\/www.manologarciaycia.com\/index.php?rest_route=\/wp\/v2\/posts\/4121","targetHints":{"allow":["GET"]}}],"collection":[{"href":"https:\/\/www.manologarciaycia.com\/index.php?rest_route=\/wp\/v2\/posts"}],"about":[{"href":"https:\/\/www.manologarciaycia.com\/index.php?rest_route=\/wp\/v2\/types\/post"}],"author":[{"embeddable":true,"href":"https:\/\/www.manologarciaycia.com\/index.php?rest_route=\/wp\/v2\/users\/2"}],"replies":[{"embeddable":true,"href":"https:\/\/www.manologarciaycia.com\/index.php?rest_route=%2Fwp%2Fv2%2Fcomments&post=4121"}],"version-history":[{"count":1,"href":"https:\/\/www.manologarciaycia.com\/index.php?rest_route=\/wp\/v2\/posts\/4121\/revisions"}],"predecessor-version":[{"id":4122,"href":"https:\/\/www.manologarciaycia.com\/index.php?rest_route=\/wp\/v2\/posts\/4121\/revisions\/4122"}],"wp:attachment":[{"href":"https:\/\/www.manologarciaycia.com\/index.php?rest_route=%2Fwp%2Fv2%2Fmedia&parent=4121"}],"wp:term":[{"taxonomy":"category","embeddable":true,"href":"https:\/\/www.manologarciaycia.com\/index.php?rest_route=%2Fwp%2Fv2%2Fcategories&post=4121"},{"taxonomy":"post_tag","embeddable":true,"href":"https:\/\/www.manologarciaycia.com\/index.php?rest_route=%2Fwp%2Fv2%2Ftags&post=4121"}],"curies":[{"name":"wp","href":"https:\/\/api.w.org\/{rel}","templated":true}]}}