{"id":4115,"date":"2012-11-20T08:44:57","date_gmt":"2012-11-20T07:44:57","guid":{"rendered":"http:\/\/www.manologarciaycia.com\/?p=4115"},"modified":"2013-11-20T10:26:37","modified_gmt":"2013-11-20T09:26:37","slug":"mg-manolo-garcia-intacto-idolo-en-granada","status":"publish","type":"post","link":"https:\/\/www.manologarciaycia.com\/?p=4115","title":{"rendered":"MG: Manolo Garc\u00eda, intacto \u00eddolo en Granada"},"content":{"rendered":"<p><a href='http:\/\/elclubexpress.com\/wp-content\/uploads\/Manolo-Garc%C3%ADa1-658x320.jpg' class='lightbox'><img decoding=\"async\" class=\"aligncenter\" src=\"http:\/\/elclubexpress.com\/wp-content\/uploads\/Manolo-Garc%C3%ADa1-658x320.jpg\" alt=\"Manolo-Garc\u00eda-concierto-Foto de Juan Carlos Mu\u00f1oz\" \/><\/a><br \/>\nManolo Garc\u00eda es un m\u00fasico imprescindible de la historia reciente de Espa\u00f1a. M\u00e1s o menos reciente. 20 a\u00f1os en la m\u00fasica, y en el mercado, han hecho de este hombre que se parece a cualquier hombre (no hubo bombo y platillo ni para despedirse de El \u00daltimo de la Fila), un fen\u00f3meno de masas. No es exageraci\u00f3n.<\/p>\n<p>Los dos conciertos que ha ofrecido en el Palacio de Congresos de Granada los d\u00edas 16 y 17 de noviembre han estado abarrotados, con las entradas agotadas desde m\u00e1s de un mes de antelaci\u00f3n, y lo que a lo mejor sorprende, han sido espect\u00e1culos dignos de un artista que mueve teenagers. No es, por supuesto, por su incre\u00edble calidad po\u00e9tica y mel\u00f3dica, de las que casi ning\u00fan m\u00fasico actual puede jactarse (si no tiene la edad y la trayectoria de Manolo), sino por las pasiones que levantaba a su paso en un p\u00fablico de entre 40 y 60 a\u00f1os. Literalmente. Si se acercaba a derecha o izquierda del escenario, sus fans, en el m\u00e1s estricto sentido de la palabra, se abalanzaban sobre \u00e9l saltando (otra vez literalmente y a pesar de la edad media del respetable). Si bajaba al ruedo, ya la locura se desbordaba: hasta empujones y palabras m\u00e1s altas que otras entre sus ac\u00e9rrimos, llegados de varias provincias de la geograf\u00eda andaluza (banderas del M\u00e1laga, gente de Almer\u00eda, Ja\u00e9n\u2026), que gritaban castizos \u201cviva la madre que te pari\u00f3\u201d.<\/p>\n<p>.<br \/>\nPero Manolo no conmueve s\u00f3lo por sus letras, aunque \u00e9l mismo dice que \u201cLa historia es lo principal. Para no mutilar la letra, mis canciones pueden tener un ritmo raro o una estructura at\u00edpica. Alg\u00fan bromista me llamaba el Frank Zappa del Poble Nou\u201d, desde el primer momento supo levantar al p\u00fablico: era el fin de gira de su \u00faltimo disco Los d\u00edas intactos (2011), Disco de Oro desde su salida, grabado entre Estados Unidos y Espa\u00f1a y quinto de su carrera en solitario, pero al contrario que esos artistas de testarudos promotores que se empe\u00f1an en no cantar canciones viejas hasta los bises, y s\u00f3lo cuando lo exige el p\u00fablico, \u00e9l comienza con un par de sus grandes temas de anta\u00f1o y no queda ni una sola persona sin temblar en el auditorio.<\/p>\n<p>Contribuyendo al ambiente po\u00e9tico, el escenario se constru\u00eda de jaulas vac\u00edas y una especie de \u00e1rboles calamarescos hechos con materiales de deshecho (botellas de pl\u00e1stico y otros objetos inidentificables) bajo una gran red de pesca tambi\u00e9n poblada de extra\u00f1as criaturas rescatadas del mar; el juego de luces milim\u00e9tricamente estudiado intentaba recordarte a los sue\u00f1os. Pero un concierto no lo hace s\u00f3lo el artista (ni su banda, siempre cambiante de disco a disco y formada por excelsos m\u00fasicos). El p\u00fablico participa, a veces demasiado. El fen\u00f3meno fan a los 50 es igual de ruidoso que a los 15, s\u00f3lo que los gritos son menos agudos y los iphones de \u00faltima generaci\u00f3n se usan de otra manera: misteriosamente, personas que probablemente critican a sus hijos por estar \u201ctodo el d\u00eda con el m\u00f3vil\u201d, consegu\u00edan ocultar a Manolo bajo infinitas pantallas iluminadas a la caza de instant\u00e1neas y v\u00eddeos olvid\u00e1ndose de eso que tanto repiten \u201ces que as\u00ed no te enteras de nada\u201d.<\/p>\n<p>Realmente, fue la \u00fanica pega a unos conciertos hechos desde el profundo amor al texto, a la calidad musical y a la rutina convertida en hermosa suerte.<\/p>\n<p>Dijo con esperanza y tacto: \u201cHay remedio, hay remedio, y los que est\u00e1is aqu\u00ed lo sab\u00e9is, por eso est\u00e1is aqu\u00ed\u201d<\/p>\n<p>En octubre de 2011, Manolo Garc\u00eda public\u00f3 simult\u00e1neamente su \u00e1lbum Los d\u00edas intactos (que ya es Disco de Oro de salida) y el libro El fruto de la rama m\u00e1s alta. Los d\u00edas intactos es quinto disco de estudio de Manolo Garc\u00eda, con 14 canciones in\u00e9ditas y \u201cUn giro teatral\u201d como primer single, el \u00e1lbum se ha grabado en los estudios Musiclan, en Avinyonet de Puigvent\u00f3s (Girona) y en Ocean Way Recording (Los Angeles), donde han trabajado artistas emblem\u00e1ticos como The Rolling Stones, Eric Clapton, Michael Jackson, Green Day, Radiohead, Joni Mitchell o Red Hot Chili Peppers, por citar s\u00f3lo algunos.<\/p>\n<p>El libro El fruto de la rama m\u00e1s alta, que contiene escritos, los dibujos y pinturas de los \u00faltimos a\u00f1os realizados por \u00e9l y las letras del nuevo \u00e1lbum. Por si fuera poco, tambi\u00e9n en octubre 2011 inaugur\u00f3 una exposici\u00f3n de pinturas y dibujos en elcel Centro Cultural de la Fundaci\u00f3n C\u00edrculo de Lectores de Barcelona, que despu\u00e9s ha ido girando por Espa\u00f1a.<\/p>\n<p>La publicaci\u00f3n de Los d\u00edas intactos se produjo dos a\u00f1os despu\u00e9s de haber finalizado la gira de sus anteriores discos Saldremos a la lluvia (2008), Para que no se duerman mis sentidos (2004), Nunca el tiempo es perdido (2001) y Arena en los bolsillos (1998).<\/p>\n<p>Fuente: El Club Express -Sof\u00eda G. Peula &#8211;\u00a0<a href=\"http:\/\/elclubexpress.com\/blog\/2012\/11\/19\/manolo-garcia-intacto-idolo-en-granada\/\" target=\"_blank\">ENLACE<\/a><\/p>\n","protected":false},"excerpt":{"rendered":"<p>Manolo Garc\u00eda es un m\u00fasico imprescindible de la historia reciente de Espa\u00f1a. M\u00e1s o menos reciente. 20 a\u00f1os en la m\u00fasica, y en el mercado, han hecho de este hombre que se parece a cualquier hombre (no hubo bombo y platillo ni para despedirse de El \u00daltimo de la Fila), un fen\u00f3meno de masas. No<a class=\"moretag\" href=\"https:\/\/www.manologarciaycia.com\/?p=4115\" title=\"MG: Manolo Garc\u00eda, intacto \u00eddolo en Granada\" target=\"_self\" rel=\"follow\"> <font face=arial size=2>[Leer m\u00e1s]<\/font> <\/a><\/p>\n","protected":false},"author":2,"featured_media":0,"comment_status":"closed","ping_status":"closed","sticky":false,"template":"","format":"standard","meta":{"footnotes":""},"categories":[1],"tags":[],"class_list":["post-4115","post","type-post","status-publish","format-standard","hentry","category-manolo-garcia"],"_links":{"self":[{"href":"https:\/\/www.manologarciaycia.com\/index.php?rest_route=\/wp\/v2\/posts\/4115","targetHints":{"allow":["GET"]}}],"collection":[{"href":"https:\/\/www.manologarciaycia.com\/index.php?rest_route=\/wp\/v2\/posts"}],"about":[{"href":"https:\/\/www.manologarciaycia.com\/index.php?rest_route=\/wp\/v2\/types\/post"}],"author":[{"embeddable":true,"href":"https:\/\/www.manologarciaycia.com\/index.php?rest_route=\/wp\/v2\/users\/2"}],"replies":[{"embeddable":true,"href":"https:\/\/www.manologarciaycia.com\/index.php?rest_route=%2Fwp%2Fv2%2Fcomments&post=4115"}],"version-history":[{"count":2,"href":"https:\/\/www.manologarciaycia.com\/index.php?rest_route=\/wp\/v2\/posts\/4115\/revisions"}],"predecessor-version":[{"id":7833,"href":"https:\/\/www.manologarciaycia.com\/index.php?rest_route=\/wp\/v2\/posts\/4115\/revisions\/7833"}],"wp:attachment":[{"href":"https:\/\/www.manologarciaycia.com\/index.php?rest_route=%2Fwp%2Fv2%2Fmedia&parent=4115"}],"wp:term":[{"taxonomy":"category","embeddable":true,"href":"https:\/\/www.manologarciaycia.com\/index.php?rest_route=%2Fwp%2Fv2%2Fcategories&post=4115"},{"taxonomy":"post_tag","embeddable":true,"href":"https:\/\/www.manologarciaycia.com\/index.php?rest_route=%2Fwp%2Fv2%2Ftags&post=4115"}],"curies":[{"name":"wp","href":"https:\/\/api.w.org\/{rel}","templated":true}]}}