{"id":4113,"date":"2012-11-19T12:56:06","date_gmt":"2012-11-19T11:56:06","guid":{"rendered":"http:\/\/www.manologarciaycia.com\/?p=4113"},"modified":"2012-11-19T12:56:06","modified_gmt":"2012-11-19T11:56:06","slug":"mg-manolo-garcia-y-lapido-en-granada","status":"publish","type":"post","link":"https:\/\/www.manologarciaycia.com\/?p=4113","title":{"rendered":"MG: Manolo Garc\u00eda y Lapido, en Granada"},"content":{"rendered":"<p>La Sorpresa de la noche 17\/11\/12:\u00a0Manolo Garc\u00eda canta con Lapido &#8216;El m\u00e1s all\u00e1&#8217; en su \u00faltimo concierto en Granada<\/p>\n<p><center><object id=\"flashObj\" width=\"640\" height=\"360\" classid=\"clsid:D27CDB6E-AE6D-11cf-96B8-444553540000\" codebase=\"http:\/\/download.macromedia.com\/pub\/shockwave\/cabs\/flash\/swflash.cab#version=9,0,47,0\"><param name=\"movie\" value=\"http:\/\/c.brightcove.com\/services\/viewer\/federated_f9?isVid=1&#038;isUI=1\" \/><param name=\"bgcolor\" value=\"#FFFFFF\" \/><param name=\"flashVars\" value=\"web=externos&#038;videoId=1976739662001&#038;playerID=309010008001&#038;playerKey=AQ%2E%2E,AAAAFDJ-STk%2E,O_UTJPLxsFAhSEJk_8ykI5UN4pASTQM7&#038;domain=embed&#038;dynamicStreaming=true\" \/><param name=\"base\" value=\"http:\/\/admin.brightcove.com\" \/><param name=\"wmode\" value=\"transparent\" \/><param name=\"seamlesstabbing\" value=\"false\" \/><param name=\"allowFullScreen\" value=\"true\" \/><param name=\"swLiveConnect\" value=\"true\" \/><param name=\"allowScriptAccess\" value=\"always\" \/><embed src=\"http:\/\/c.brightcove.com\/services\/viewer\/federated_f9?isVid=1&#038;isUI=1\" wmode=\"transparent\" bgcolor=\"#FFFFFF\" flashVars=\"web=externos&#038;videoId=1976739662001&#038;playerID=309010008001&#038;playerKey=AQ%2E%2E,AAAAFDJ-STk%2E,O_UTJPLxsFAhSEJk_8ykI5UN4pASTQM7&#038;domain=embed&#038;dynamicStreaming=true\" base=\"http:\/\/admin.brightcove.com\" name=\"flashObj\" width=\"640\" height=\"360\" seamlesstabbing=\"false\" type=\"application\/x-shockwave-flash\" allowFullScreen=\"true\" allowScriptAccess=\"always\" swLiveConnect=\"true\" pluginspage=\"http:\/\/www.macromedia.com\/shockwave\/download\/index.cgi?P1_Prod_Version=ShockwaveFlash\"><\/embed><\/object><\/center><\/p>\n<p>Fuente: Ideal &#8211; <a href=\"http:\/\/www.ideal.es\/videos\/granada\/noticias\/1976739662001-sorpresa-noche.html\" target=\"_blank\">ENLACE<\/a><\/p>\n","protected":false},"excerpt":{"rendered":"<p>La Sorpresa de la noche 17\/11\/12:\u00a0Manolo Garc\u00eda canta con Lapido &#8216;El m\u00e1s all\u00e1&#8217; en su \u00faltimo concierto en Granada Fuente: Ideal &#8211; ENLACE<a class=\"moretag\" href=\"https:\/\/www.manologarciaycia.com\/?p=4113\" title=\"MG: Manolo Garc\u00eda y Lapido, en Granada\" target=\"_self\" rel=\"follow\"> <font face=arial size=2>[Leer m\u00e1s]<\/font> <\/a><\/p>\n","protected":false},"author":2,"featured_media":0,"comment_status":"closed","ping_status":"closed","sticky":false,"template":"","format":"standard","meta":{"footnotes":""},"categories":[1],"tags":[],"class_list":["post-4113","post","type-post","status-publish","format-standard","hentry","category-manolo-garcia"],"_links":{"self":[{"href":"https:\/\/www.manologarciaycia.com\/index.php?rest_route=\/wp\/v2\/posts\/4113","targetHints":{"allow":["GET"]}}],"collection":[{"href":"https:\/\/www.manologarciaycia.com\/index.php?rest_route=\/wp\/v2\/posts"}],"about":[{"href":"https:\/\/www.manologarciaycia.com\/index.php?rest_route=\/wp\/v2\/types\/post"}],"author":[{"embeddable":true,"href":"https:\/\/www.manologarciaycia.com\/index.php?rest_route=\/wp\/v2\/users\/2"}],"replies":[{"embeddable":true,"href":"https:\/\/www.manologarciaycia.com\/index.php?rest_route=%2Fwp%2Fv2%2Fcomments&post=4113"}],"version-history":[{"count":1,"href":"https:\/\/www.manologarciaycia.com\/index.php?rest_route=\/wp\/v2\/posts\/4113\/revisions"}],"predecessor-version":[{"id":4114,"href":"https:\/\/www.manologarciaycia.com\/index.php?rest_route=\/wp\/v2\/posts\/4113\/revisions\/4114"}],"wp:attachment":[{"href":"https:\/\/www.manologarciaycia.com\/index.php?rest_route=%2Fwp%2Fv2%2Fmedia&parent=4113"}],"wp:term":[{"taxonomy":"category","embeddable":true,"href":"https:\/\/www.manologarciaycia.com\/index.php?rest_route=%2Fwp%2Fv2%2Fcategories&post=4113"},{"taxonomy":"post_tag","embeddable":true,"href":"https:\/\/www.manologarciaycia.com\/index.php?rest_route=%2Fwp%2Fv2%2Ftags&post=4113"}],"curies":[{"name":"wp","href":"https:\/\/api.w.org\/{rel}","templated":true}]}}