{"id":411,"date":"2010-03-02T08:48:17","date_gmt":"2010-03-02T07:48:17","guid":{"rendered":"http:\/\/petaos.net\/?p=411"},"modified":"2010-03-02T08:48:17","modified_gmt":"2010-03-02T07:48:17","slug":"manolo-garcia-grita-%c2%a1viva-antonio","status":"publish","type":"post","link":"https:\/\/www.manologarciaycia.com\/?p=411","title":{"rendered":"Manolo Garc\u00eda: grita &#8216;\u00a1Viva Antonio!&#8217;"},"content":{"rendered":"<p style=\"text-align: left;\"><strong><img loading=\"lazy\" decoding=\"async\" class=\"alignleft\" src=\"http:\/\/img192.imageshack.us\/img192\/6940\/antoniovega.jpg\" alt=\"\" width=\"229\" height=\"320\" \/>Rosario, Manolo Garc\u00eda, &#8216;El Cigala&#8217;&#8230; gritan &#8216;\u00a1Viva Antonio!&#8217;&#8230; <\/strong>Varios artistas homenajear\u00e1n a Antonio Vega en un concierto el pr\u00f3ximo 9 de abril.<\/p>\n<p>Hace nueve meses que falleci\u00f3 el cantautor Antonio Vega y sus compa\u00f1eros de profesi\u00f3n han decidido que es el momento de homenajear al artista. El pr\u00f3ximo 9 de abril el Palacio de los Deportes de la Comunidad de Madrid reunir\u00e1 a cantantes como Manolo Garc\u00eda, Rosario Flores, \u2018Ketama\u2019, \u2018El Cigala\u2019 y Miguel R\u00edos, que le rendir\u00e1n tributo en el concierto \u2018\u00a1Viva Antonio!\u2019.<\/p>\n<p>La iniciativa ha sido impulsada por Carlos Vega, el hermano del cantante, y por su primo y compa\u00f1ero en \u2018Nacha Pop\u2019, Nacho Garc\u00eda Vega. M\u00e1s de 20 artistas interpretar\u00e1n los temas del cantautor, tanto de su etapa con su banda como de su \u00e9poca en solitario. \u2018\u00a1Viva Antonio!&#8217; pretende ser \u00abuna muestra de gratitud\u00bb al artista por su aportaci\u00f3n a la m\u00fasica espa\u00f1ola.<\/p>\n<p>Las distintas actuaciones estar\u00e1n acompa\u00f1adas por la banda del cantante en su \u00faltima etapa, con Basilio Mart\u00ed, teclista y amigo \u00edntimo de Antonio Vega, al frente. Los beneficios obtenidos se repartir\u00e1n entre Interm\u00f3n, la Fundaci\u00f3n Antonio Vega y las Escoles de Nicaragua, con las que Antonio y su compa\u00f1era Margarita del R\u00edo estaban comprometidos.<\/p>\n<p>Las entradas saldr\u00e1n a la venta hoy, a trav\u00e9s de todos los canales de \u2018Ticketmaster\u2019, El Corte Ingl\u00e9s, y \u2018Entradas.com\u2019.<\/p>\n<p>Fuente: LVL &#8211; La Voz Libre (<a href=\"http:\/\/www.lavozlibre.com\/noticias\/ampliar\/45960\/rosario-manolo-garcia-el-cigala-gritan-viva-antonio\" target=\"_blank\">enlace<\/a>) &#8211; Aviso de Fran_G (gracias!)<\/p>\n","protected":false},"excerpt":{"rendered":"<p>Rosario, Manolo Garc\u00eda, &#8216;El Cigala&#8217;&#8230; gritan &#8216;\u00a1Viva Antonio!&#8217;&#8230; Varios artistas homenajear\u00e1n a Antonio Vega en un concierto el pr\u00f3ximo 9 de abril. Hace nueve meses que falleci\u00f3 el cantautor Antonio Vega y sus compa\u00f1eros de profesi\u00f3n han decidido que es el momento de homenajear al artista. El pr\u00f3ximo 9 de abril el Palacio de los<a class=\"moretag\" href=\"https:\/\/www.manologarciaycia.com\/?p=411\" title=\"Manolo Garc\u00eda: grita &#8216;\u00a1Viva Antonio!&#8217;\" target=\"_self\" rel=\"follow\"> <font face=arial size=2>[Leer m\u00e1s]<\/font> <\/a><\/p>\n","protected":false},"author":2,"featured_media":0,"comment_status":"closed","ping_status":"open","sticky":false,"template":"","format":"standard","meta":{"footnotes":""},"categories":[1],"tags":[78],"class_list":["post-411","post","type-post","status-publish","format-standard","hentry","category-manolo-garcia","tag-manolo-garcia-concierto-actuacion-directo-antonio-vega"],"_links":{"self":[{"href":"https:\/\/www.manologarciaycia.com\/index.php?rest_route=\/wp\/v2\/posts\/411","targetHints":{"allow":["GET"]}}],"collection":[{"href":"https:\/\/www.manologarciaycia.com\/index.php?rest_route=\/wp\/v2\/posts"}],"about":[{"href":"https:\/\/www.manologarciaycia.com\/index.php?rest_route=\/wp\/v2\/types\/post"}],"author":[{"embeddable":true,"href":"https:\/\/www.manologarciaycia.com\/index.php?rest_route=\/wp\/v2\/users\/2"}],"replies":[{"embeddable":true,"href":"https:\/\/www.manologarciaycia.com\/index.php?rest_route=%2Fwp%2Fv2%2Fcomments&post=411"}],"version-history":[{"count":2,"href":"https:\/\/www.manologarciaycia.com\/index.php?rest_route=\/wp\/v2\/posts\/411\/revisions"}],"predecessor-version":[{"id":413,"href":"https:\/\/www.manologarciaycia.com\/index.php?rest_route=\/wp\/v2\/posts\/411\/revisions\/413"}],"wp:attachment":[{"href":"https:\/\/www.manologarciaycia.com\/index.php?rest_route=%2Fwp%2Fv2%2Fmedia&parent=411"}],"wp:term":[{"taxonomy":"category","embeddable":true,"href":"https:\/\/www.manologarciaycia.com\/index.php?rest_route=%2Fwp%2Fv2%2Fcategories&post=411"},{"taxonomy":"post_tag","embeddable":true,"href":"https:\/\/www.manologarciaycia.com\/index.php?rest_route=%2Fwp%2Fv2%2Ftags&post=411"}],"curies":[{"name":"wp","href":"https:\/\/api.w.org\/{rel}","templated":true}]}}