{"id":4105,"date":"2012-11-17T08:07:57","date_gmt":"2012-11-17T07:07:57","guid":{"rendered":"http:\/\/www.manologarciaycia.com\/?p=4105"},"modified":"2013-11-17T07:42:13","modified_gmt":"2013-11-17T06:42:13","slug":"mg-inagotable-manolo-garcia","status":"publish","type":"post","link":"https:\/\/www.manologarciaycia.com\/?p=4105","title":{"rendered":"MG: Inagotable Manolo Garc\u00eda"},"content":{"rendered":"<p><center><object id=\"flashObj\" width=\"640\" height=\"360\" classid=\"clsid:D27CDB6E-AE6D-11cf-96B8-444553540000\" codebase=\"http:\/\/download.macromedia.com\/pub\/shockwave\/cabs\/flash\/swflash.cab#version=9,0,47,0\"><param name=\"movie\" value=\"http:\/\/c.brightcove.com\/services\/viewer\/federated_f9?isVid=1&#038;isUI=1\" \/><param name=\"bgcolor\" value=\"#FFFFFF\" \/><param name=\"flashVars\" value=\"web=externos&#038;videoId=1974432695001&#038;playerID=309010008001&#038;playerKey=AQ%2E%2E,AAAAFDJ-STk%2E,O_UTJPLxsFAhSEJk_8ykI5UN4pASTQM7&#038;domain=embed&#038;dynamicStreaming=true\" \/><param name=\"base\" value=\"http:\/\/admin.brightcove.com\" \/><param name=\"wmode\" value=\"transparent\" \/><param name=\"seamlesstabbing\" value=\"false\" \/><param name=\"allowFullScreen\" value=\"true\" \/><param name=\"swLiveConnect\" value=\"true\" \/><param name=\"allowScriptAccess\" value=\"always\" \/><embed src=\"http:\/\/c.brightcove.com\/services\/viewer\/federated_f9?isVid=1&#038;isUI=1\" wmode=\"transparent\" bgcolor=\"#FFFFFF\" flashVars=\"web=externos&#038;videoId=1974432695001&#038;playerID=309010008001&#038;playerKey=AQ%2E%2E,AAAAFDJ-STk%2E,O_UTJPLxsFAhSEJk_8ykI5UN4pASTQM7&#038;domain=embed&#038;dynamicStreaming=true\" base=\"http:\/\/admin.brightcove.com\" name=\"flashObj\" width=\"640\" height=\"360\" seamlesstabbing=\"false\" type=\"application\/x-shockwave-flash\" allowFullScreen=\"true\" allowScriptAccess=\"always\" swLiveConnect=\"true\" pluginspage=\"http:\/\/www.macromedia.com\/shockwave\/download\/index.cgi?P1_Prod_Version=ShockwaveFlash\"><\/embed><\/object><\/center><\/p>\n<p><\/font><\/p>\n<p>No importa que los sesenta est\u00e9n m\u00e1s cerca que los cincuenta. La alegr\u00eda no tiene nada que ver con la edad. Manolo Garc\u00eda puso anoche a bailar a las casi 2.000 personas que abarrotaban la Sala Garc\u00eda Lorca del Palacio de Congresos, con las entradas agotadas desde hac\u00eda semanas. En un concierto generoso -dos horas y media de canciones ininterrumpidas-, el cantante barcelon\u00e9s plant\u00f3 cara a la tristeza, a la crisis y al fr\u00edo. Recorri\u00f3 sus nuevas canciones de &#8216;Los d\u00edas intactos&#8217; (2011), disco con el que regresa al pop entre aflamencado y el\u00e9ctrico que le caracteriza, sin olvidar algunos \u00e9xitos ineludibles de El \u00daltimo de la Fila -pocos- y unos cuantos m\u00e1s de la carrera en solitario que inici\u00f3 en 1998.<\/p>\n<p>Viendo a Manolo Garc\u00eda bailar, correr y saltar en el escenario, nadie dir\u00eda que hace menos de dos meses tuvo que suspender varios conciertos porque una lumbalgia le oblig\u00f3 a guardar reposo durante quince d\u00edas. Un poco antes, en mayo, estuvo de baja un mes por una apendicitis. No puede permit\u00edrselo: su nuevo disco es triple platino y est\u00e1 colgando el cartel de &#8216;no hay billetes&#8217; en la mayor\u00eda de las actuaciones de su Gira Teatral por Espa\u00f1a. Y va m\u00e1s de cien.<\/p>\n<p>El m\u00fasico, que lleva m\u00e1s de treinta a\u00f1os sobre los escenarios, combina con maestr\u00eda los ritmos m\u00e1s rockeros y las baladas. Comenz\u00f3 el concierto con tres temas en ac\u00fastico: &#8216;Navaja de papel&#8217;, &#8216;Sombra de tu palmera&#8217; -al son de una guitarra espa\u00f1ola- y &#8216;Aviones plateados&#8217;, que todo el mundo core\u00f3 a gritos.<br \/>\nPero era un inicio enga\u00f1oso. A la cuarta canci\u00f3n la banda se &#8216;enchuf\u00f3&#8217; y la gente empez\u00f3 a bailar en los laterales del escenario. A mitad de concierto, con gran parte del p\u00fablico de pie, Garc\u00eda intent\u00f3 organizar al personal para que nadie se enfadara por falta de visibilidad. In\u00fatil. Entre la multitud que saltaba hab\u00eda desde veintea\u00f1eros hasta sesentones.<\/p>\n<p>En una entrevista concedida hace unos d\u00edas a IDEAL, el m\u00fasico de origen murciano admit\u00eda que no hay ning\u00fan truco para tener una carrera tan larga y fruct\u00edfera y seguir, despu\u00e9s de tantos a\u00f1os, vendiendo discos y llenando auditorios. \u00abIntento ser fiel a m\u00ed mismo y sincero con el p\u00fablico. Cada concierto es como si fuera el \u00faltimo\u00bb, asegur\u00f3. No exageraba. Anoche derroch\u00f3 simpat\u00eda: estrech\u00f3 manos, reparti\u00f3 besos y se dio un par de paseos entre el p\u00fablico, fuertemente armado de m\u00f3viles en modo grabaci\u00f3n.<\/p>\n<p>Manolo estuvo locuaz. Defendi\u00f3 la alegr\u00eda frente a la crisis, el paro, los desahucios. Y se moj\u00f3: \u00abEntre tantas malas noticias, esta semana hemos sabido que Barack Obama ha aprobado un nuevo impuesto para los m\u00e1s ricos. En Espa\u00f1a se deber\u00eda hacer lo mismo: dejar tranquilos a los que menos tienen y que los que han tenido m\u00e1s suerte en la vida colaboren y sean solidarios\u00bb. \u00abYo tambi\u00e9n soy un indignado\u00bb, asegur\u00f3 despu\u00e9s.<\/p>\n<p>La faceta art\u00edstica del cantante -que empez\u00f3 como pintor y lo sigue siendo- se reflej\u00f3 en el escenario, cambiante a lo largo de toda la velada. Telones pintados, juegos de luces y objetos colgantes habitaban las tablas, ya muy ocupadas por los siete miembros de la banda: \u00cd\u00f1igo Goldaracena (bajo), Charly Sard\u00e1 (bater\u00eda), Juan Carlos Garc\u00eda (percusi\u00f3n y voces), Nacho Lesko (teclados y piano), Ricardo Mar\u00edn y Albert Serrano (guitarra el\u00e9ctrica y ac\u00fastica) y V\u00edctor Iniesta (guitarra espa\u00f1ola y ac\u00fastica). Lo peor encajado fue la actuaci\u00f3n de la bailarina Marta Fern\u00e1ndez.<\/p>\n<p>Durante m\u00e1s de dos horas, Garc\u00eda fue desgranando la mayor\u00eda de los temas de su \u00faltimo disco. &#8216;Todos amamos desesperadamente&#8217;, &#8216;Un a\u00f1o y otro a\u00f1o&#8217;, &#8216;Un alma de papel&#8217;, &#8216;Lo quiero todo&#8217;, &#8216;Un giro teatral&#8217;, &#8216;La sombra de la sombra de tu sombrero&#8217;, &#8216;Estoy alegre&#8217;, &#8216;Compasi\u00f3n y silencio&#8217;, &#8216;Estamos ah\u00ed&#8217; y &#8216;Cabalgar a la eternidad&#8217;. Pero no se olvid\u00f3 de las canciones m\u00e1s queridas y conocidas: &#8216;A veces se enciende&#8217;, &#8216;Para que no se duerman mis sentidos&#8217;, &#8216;Nunca el tiempo es perdido&#8217;, &#8216;Somos levedad&#8217;, &#8216;Prefiero el trapecio&#8217; o &#8216;San Fernando&#8217; fueron algunas de las escogidas de su carrera en solitario. De su etapa junto a Quimi Portet, la ya citada &#8216;Aviones plateados&#8217; y, ya en los bises, la m\u00edtica &#8216;Insurrecci\u00f3n&#8217;. \u00a1Y termin\u00f3 con una ranchera!<\/p>\n<p>Hoy repite.<\/p>\n<p>Fuente: Ideal &#8211; In\u00e9s Gallastegui &#8211; <a href=\"http:\/\/www.ideal.es\/granada\/20121117\/local\/granada\/inagotable-manolo-garca-201211170156.html\" target=\"_blank\">ENLACE<\/a><\/p>\n","protected":false},"excerpt":{"rendered":"<p>No importa que los sesenta est\u00e9n m\u00e1s cerca que los cincuenta. La alegr\u00eda no tiene nada que ver con la edad. Manolo Garc\u00eda puso anoche a bailar a las casi 2.000 personas que abarrotaban la Sala Garc\u00eda Lorca del Palacio de Congresos, con las entradas agotadas desde hac\u00eda semanas. En un concierto generoso -dos horas<a class=\"moretag\" href=\"https:\/\/www.manologarciaycia.com\/?p=4105\" title=\"MG: Inagotable Manolo Garc\u00eda\" target=\"_self\" rel=\"follow\"> <font face=arial size=2>[Leer m\u00e1s]<\/font> <\/a><\/p>\n","protected":false},"author":2,"featured_media":0,"comment_status":"closed","ping_status":"closed","sticky":false,"template":"","format":"standard","meta":{"footnotes":""},"categories":[1],"tags":[],"class_list":["post-4105","post","type-post","status-publish","format-standard","hentry","category-manolo-garcia"],"_links":{"self":[{"href":"https:\/\/www.manologarciaycia.com\/index.php?rest_route=\/wp\/v2\/posts\/4105","targetHints":{"allow":["GET"]}}],"collection":[{"href":"https:\/\/www.manologarciaycia.com\/index.php?rest_route=\/wp\/v2\/posts"}],"about":[{"href":"https:\/\/www.manologarciaycia.com\/index.php?rest_route=\/wp\/v2\/types\/post"}],"author":[{"embeddable":true,"href":"https:\/\/www.manologarciaycia.com\/index.php?rest_route=\/wp\/v2\/users\/2"}],"replies":[{"embeddable":true,"href":"https:\/\/www.manologarciaycia.com\/index.php?rest_route=%2Fwp%2Fv2%2Fcomments&post=4105"}],"version-history":[{"count":7,"href":"https:\/\/www.manologarciaycia.com\/index.php?rest_route=\/wp\/v2\/posts\/4105\/revisions"}],"predecessor-version":[{"id":7774,"href":"https:\/\/www.manologarciaycia.com\/index.php?rest_route=\/wp\/v2\/posts\/4105\/revisions\/7774"}],"wp:attachment":[{"href":"https:\/\/www.manologarciaycia.com\/index.php?rest_route=%2Fwp%2Fv2%2Fmedia&parent=4105"}],"wp:term":[{"taxonomy":"category","embeddable":true,"href":"https:\/\/www.manologarciaycia.com\/index.php?rest_route=%2Fwp%2Fv2%2Fcategories&post=4105"},{"taxonomy":"post_tag","embeddable":true,"href":"https:\/\/www.manologarciaycia.com\/index.php?rest_route=%2Fwp%2Fv2%2Ftags&post=4105"}],"curies":[{"name":"wp","href":"https:\/\/api.w.org\/{rel}","templated":true}]}}