{"id":4103,"date":"2012-11-17T08:05:52","date_gmt":"2012-11-17T07:05:52","guid":{"rendered":"http:\/\/www.manologarciaycia.com\/?p=4103"},"modified":"2012-11-17T08:05:52","modified_gmt":"2012-11-17T07:05:52","slug":"mg-manolo-garcia-esta-semana-en-eitb-kultura","status":"publish","type":"post","link":"https:\/\/www.manologarciaycia.com\/?p=4103","title":{"rendered":"MG: Manolo Garc\u00eda, esta semana en &#8216;EITB Kultura&#8217;"},"content":{"rendered":"<p>El m\u00fasico repasar\u00e1 su trayectoria artistica y desvelar\u00e1 sus influencias musicales. Manolo Garc\u00eda visita &#8216;EITB Kultura&#8217; y con \u00e9l repasar\u00e1n su trayectoria art\u00edstica. El m\u00fasico, pintor y ahora tambi\u00e9n escen\u00f3grafo, recuerda la \u00e9poca de la ni\u00f1ez en la que descubri\u00f3 el arte, desvela sus influencias musicales y se sincera sobre su necesidad de creaci\u00f3n. Los d\u00edas intactos, su quinto disco en solitario publicado el pasado a\u00f1o y con el que a\u00fan est\u00e1 girando, le trae la pr\u00f3xima semana a Donostia y Vitoria.<\/p>\n<p>&#8216;EITB kultura&#8217; se emite este <strong>lunes a partir de las 23:50 en ETB-1<\/strong>, el martes a las 00:30 en ETB-2 y el viernes a las 23:10 en ETB-3.<\/p>\n<p>Fuente: EITB.com &#8211; <a href=\"http:\/\/www.eitb.com\/es\/television\/detalle\/987526\/manolo-garcia-eitb-kultura--manolo-garcia-repasa-su-trayectoria\/\" target=\"_blank\">ENLACE<\/a><\/p>\n","protected":false},"excerpt":{"rendered":"<p>El m\u00fasico repasar\u00e1 su trayectoria artistica y desvelar\u00e1 sus influencias musicales. Manolo Garc\u00eda visita &#8216;EITB Kultura&#8217; y con \u00e9l repasar\u00e1n su trayectoria art\u00edstica. El m\u00fasico, pintor y ahora tambi\u00e9n escen\u00f3grafo, recuerda la \u00e9poca de la ni\u00f1ez en la que descubri\u00f3 el arte, desvela sus influencias musicales y se sincera sobre su necesidad de creaci\u00f3n. Los<a class=\"moretag\" href=\"https:\/\/www.manologarciaycia.com\/?p=4103\" title=\"MG: Manolo Garc\u00eda, esta semana en &#8216;EITB Kultura&#8217;\" target=\"_self\" rel=\"follow\"> <font face=arial size=2>[Leer m\u00e1s]<\/font> <\/a><\/p>\n","protected":false},"author":2,"featured_media":0,"comment_status":"closed","ping_status":"closed","sticky":false,"template":"","format":"standard","meta":{"footnotes":""},"categories":[1],"tags":[],"class_list":["post-4103","post","type-post","status-publish","format-standard","hentry","category-manolo-garcia"],"_links":{"self":[{"href":"https:\/\/www.manologarciaycia.com\/index.php?rest_route=\/wp\/v2\/posts\/4103","targetHints":{"allow":["GET"]}}],"collection":[{"href":"https:\/\/www.manologarciaycia.com\/index.php?rest_route=\/wp\/v2\/posts"}],"about":[{"href":"https:\/\/www.manologarciaycia.com\/index.php?rest_route=\/wp\/v2\/types\/post"}],"author":[{"embeddable":true,"href":"https:\/\/www.manologarciaycia.com\/index.php?rest_route=\/wp\/v2\/users\/2"}],"replies":[{"embeddable":true,"href":"https:\/\/www.manologarciaycia.com\/index.php?rest_route=%2Fwp%2Fv2%2Fcomments&post=4103"}],"version-history":[{"count":1,"href":"https:\/\/www.manologarciaycia.com\/index.php?rest_route=\/wp\/v2\/posts\/4103\/revisions"}],"predecessor-version":[{"id":4104,"href":"https:\/\/www.manologarciaycia.com\/index.php?rest_route=\/wp\/v2\/posts\/4103\/revisions\/4104"}],"wp:attachment":[{"href":"https:\/\/www.manologarciaycia.com\/index.php?rest_route=%2Fwp%2Fv2%2Fmedia&parent=4103"}],"wp:term":[{"taxonomy":"category","embeddable":true,"href":"https:\/\/www.manologarciaycia.com\/index.php?rest_route=%2Fwp%2Fv2%2Fcategories&post=4103"},{"taxonomy":"post_tag","embeddable":true,"href":"https:\/\/www.manologarciaycia.com\/index.php?rest_route=%2Fwp%2Fv2%2Ftags&post=4103"}],"curies":[{"name":"wp","href":"https:\/\/api.w.org\/{rel}","templated":true}]}}