{"id":4098,"date":"2012-11-16T08:22:15","date_gmt":"2012-11-16T07:22:15","guid":{"rendered":"http:\/\/www.manologarciaycia.com\/?p=4098"},"modified":"2012-11-16T08:22:15","modified_gmt":"2012-11-16T07:22:15","slug":"mg-manolo-garcia-ofrece-este-viernes-el-primero-de-sus-dos-conciertos-en-granada-con-las-entradas-agotadas","status":"publish","type":"post","link":"https:\/\/www.manologarciaycia.com\/?p=4098","title":{"rendered":"MG: Manolo Garc\u00eda ofrece este viernes el primero de sus dos conciertos en Granada, con las entradas agotadas"},"content":{"rendered":"<p><img loading=\"lazy\" decoding=\"async\" class=\"alignright\" src=\"http:\/\/www.que.es\/archivos\/201211\/20121116054925-365xXx80.jpg\" alt=\"\" width=\"365\" height=\"550\" \/> Manolo Garc\u00eda ofrecer\u00e1 este viernes el primero de los dos conciertos que tiene programados en Granada dentro de la gira de teatros y auditorios de su \u00faltimo trabajo &#8216;Los d\u00edas intactos&#8217;, una cita que tendr\u00e1 lugar en el Palacio de Congresos y para la que ya se han agotado las entradas. El segundo concierto se celebrar\u00e1 el 17 de noviembre y tambi\u00e9n tiene todas las localidades vendidas, seg\u00fan ha informado la organizaci\u00f3n, la cual se ha congratulado de la \u00abmagn\u00edfica acogida\u00bb que ha tenido hasta la fecha esta gira, agotando entradas en el 95 por ciento de sus fechas.<\/p>\n<p>Han destacado especialmente sus seis d\u00edas en el Palacio Municipal de Congresos del Campo de las Naciones de Madrid el pasado mes de abril y otros seis en Barcelona, con las entradas agotadas para todos ellos con muchos meses de antelaci\u00f3n. La organizaci\u00f3n ha hecho una menci\u00f3n especial al concierto ofrecido en el Palau de la M\u00fasica, que agot\u00f3 entradas en menos de media hora. La gira comenz\u00f3 en Roquetas (Almer\u00eda) el pasado mes de febrero y tocar\u00e1 su fin el pr\u00f3ximo mes de diciembre en Madrid. Con m\u00e1s de cincuenta conciertos, la Gira Teatral de Manolo Garc\u00eda habr\u00e1 sido este a\u00f1o tambi\u00e9n la m\u00e1s larga.<\/p>\n<p>Estos son algunos de los titulares que est\u00e1 cosechando Manolo Garc\u00eda a su paso por las ciudades espa\u00f1olas presentando su nuevo trabajo &#8216;Los d\u00edas intactos&#8217;, que ha permanecido tres semanas consecutivas en el n\u00famero uno de la lista de los m\u00e1s vendidos en Espa\u00f1a y es Triple Disco de Platino.<\/p>\n<p>Fuente: Qu\u00e9 Granada &#8211; <a href=\"http:\/\/www.que.es\/granada\/201211151121-manolo-garcia-ofrece-este-viernes-epi.html\" target=\"_blank\">ENLACE<\/a><\/p>\n","protected":false},"excerpt":{"rendered":"<p>Manolo Garc\u00eda ofrecer\u00e1 este viernes el primero de los dos conciertos que tiene programados en Granada dentro de la gira de teatros y auditorios de su \u00faltimo trabajo &#8216;Los d\u00edas intactos&#8217;, una cita que tendr\u00e1 lugar en el Palacio de Congresos y para la que ya se han agotado las entradas. El segundo concierto se<a class=\"moretag\" href=\"https:\/\/www.manologarciaycia.com\/?p=4098\" title=\"MG: Manolo Garc\u00eda ofrece este viernes el primero de sus dos conciertos en Granada, con las entradas agotadas\" target=\"_self\" rel=\"follow\"> <font face=arial size=2>[Leer m\u00e1s]<\/font> <\/a><\/p>\n","protected":false},"author":2,"featured_media":0,"comment_status":"closed","ping_status":"closed","sticky":false,"template":"","format":"standard","meta":{"footnotes":""},"categories":[1],"tags":[],"class_list":["post-4098","post","type-post","status-publish","format-standard","hentry","category-manolo-garcia"],"_links":{"self":[{"href":"https:\/\/www.manologarciaycia.com\/index.php?rest_route=\/wp\/v2\/posts\/4098","targetHints":{"allow":["GET"]}}],"collection":[{"href":"https:\/\/www.manologarciaycia.com\/index.php?rest_route=\/wp\/v2\/posts"}],"about":[{"href":"https:\/\/www.manologarciaycia.com\/index.php?rest_route=\/wp\/v2\/types\/post"}],"author":[{"embeddable":true,"href":"https:\/\/www.manologarciaycia.com\/index.php?rest_route=\/wp\/v2\/users\/2"}],"replies":[{"embeddable":true,"href":"https:\/\/www.manologarciaycia.com\/index.php?rest_route=%2Fwp%2Fv2%2Fcomments&post=4098"}],"version-history":[{"count":1,"href":"https:\/\/www.manologarciaycia.com\/index.php?rest_route=\/wp\/v2\/posts\/4098\/revisions"}],"predecessor-version":[{"id":4099,"href":"https:\/\/www.manologarciaycia.com\/index.php?rest_route=\/wp\/v2\/posts\/4098\/revisions\/4099"}],"wp:attachment":[{"href":"https:\/\/www.manologarciaycia.com\/index.php?rest_route=%2Fwp%2Fv2%2Fmedia&parent=4098"}],"wp:term":[{"taxonomy":"category","embeddable":true,"href":"https:\/\/www.manologarciaycia.com\/index.php?rest_route=%2Fwp%2Fv2%2Fcategories&post=4098"},{"taxonomy":"post_tag","embeddable":true,"href":"https:\/\/www.manologarciaycia.com\/index.php?rest_route=%2Fwp%2Fv2%2Ftags&post=4098"}],"curies":[{"name":"wp","href":"https:\/\/api.w.org\/{rel}","templated":true}]}}