{"id":4096,"date":"2012-11-16T08:20:59","date_gmt":"2012-11-16T07:20:59","guid":{"rendered":"http:\/\/www.manologarciaycia.com\/?p=4096"},"modified":"2012-11-16T08:20:59","modified_gmt":"2012-11-16T07:20:59","slug":"mg-manolo-garcia-afronta-en-granada-la-recta-final-de-su-ultima-gira","status":"publish","type":"post","link":"https:\/\/www.manologarciaycia.com\/?p=4096","title":{"rendered":"MG: Manolo Garc\u00eda afronta en Granada la recta final de su \u00faltima gira"},"content":{"rendered":"<p><img loading=\"lazy\" decoding=\"async\" class=\"alignleft\" src=\"http:\/\/andalucianoticias.es\/panel\/\/wp-content\/uploads\/2012\/08\/Manolo-Garc%C3%ADa1.jpg\" alt=\"\" width=\"400\" height=\"150\" \/> El cantante Manolo Garc\u00eda ofrecer\u00e1 ma\u00f1ana el primero de los dos conciertos que dar\u00e1 en Granada en el marco de la gira de teatros y auditorios con la que est\u00e1 recorriendo Espa\u00f1a para presentar su \u00faltimo \u00e1lbum, \u201cLos d\u00edas intactos\u201d, y que concluir\u00e1 el pr\u00f3ximo mes de diciembre en Madrid. Con la fuerza del directo pero en un espacio reducido, los conciertos de esta gira ofrecen un plus de cercan\u00eda, apreciado tanto por el p\u00fablico como por el artista, ha informado la organizaci\u00f3n.<\/p>\n<p>La actuaci\u00f3n forma parte de la gira de teatros y auditorios de su nuevo \u00e1lbum, \u201cLos d\u00edas intactos\u201d, que ha permanecido tres semanas consecutivas en el n\u00famero uno de la lista de los m\u00e1s vendidos en Espa\u00f1a y es ya triple disco de Platino. Los conciertos de la gira han agotado de momento las entradas en el 95% de las fechas. Entre ellos figuran los seis d\u00edas de actuaciones que ofreci\u00f3 en el Palacio Municipal de Congresos del Campo de las Naciones de Madrid el pasado mes de abril y otros seis en Barcelona.<\/p>\n<p>La gira, que incluye m\u00e1s de 150 conciertos, comenz\u00f3 en Roquetas (Almer\u00eda) el pasado mes de febrero y concluir\u00e1 el pr\u00f3ximo mes de diciembre en Madrid. En el caso de Granada, donde ya se han agotado las entradas para el segundo de los conciertos, la actuaci\u00f3n tendr\u00e1 lugar en el Palacio de Congresos.<\/p>\n<p>Fuente: Granada Digital &#8211; <a href=\"http:\/\/www.granadadigital.com\/manolo-garcia-afronta-en-granada-la-recta-final-de-su-ultima-gira-263189\/\" target=\"_blank\">ENLACE<\/a><\/p>\n","protected":false},"excerpt":{"rendered":"<p>El cantante Manolo Garc\u00eda ofrecer\u00e1 ma\u00f1ana el primero de los dos conciertos que dar\u00e1 en Granada en el marco de la gira de teatros y auditorios con la que est\u00e1 recorriendo Espa\u00f1a para presentar su \u00faltimo \u00e1lbum, \u201cLos d\u00edas intactos\u201d, y que concluir\u00e1 el pr\u00f3ximo mes de diciembre en Madrid. Con la fuerza del directo<a class=\"moretag\" href=\"https:\/\/www.manologarciaycia.com\/?p=4096\" title=\"MG: Manolo Garc\u00eda afronta en Granada la recta final de su \u00faltima gira\" target=\"_self\" rel=\"follow\"> <font face=arial size=2>[Leer m\u00e1s]<\/font> <\/a><\/p>\n","protected":false},"author":2,"featured_media":0,"comment_status":"closed","ping_status":"closed","sticky":false,"template":"","format":"standard","meta":{"footnotes":""},"categories":[1],"tags":[],"class_list":["post-4096","post","type-post","status-publish","format-standard","hentry","category-manolo-garcia"],"_links":{"self":[{"href":"https:\/\/www.manologarciaycia.com\/index.php?rest_route=\/wp\/v2\/posts\/4096","targetHints":{"allow":["GET"]}}],"collection":[{"href":"https:\/\/www.manologarciaycia.com\/index.php?rest_route=\/wp\/v2\/posts"}],"about":[{"href":"https:\/\/www.manologarciaycia.com\/index.php?rest_route=\/wp\/v2\/types\/post"}],"author":[{"embeddable":true,"href":"https:\/\/www.manologarciaycia.com\/index.php?rest_route=\/wp\/v2\/users\/2"}],"replies":[{"embeddable":true,"href":"https:\/\/www.manologarciaycia.com\/index.php?rest_route=%2Fwp%2Fv2%2Fcomments&post=4096"}],"version-history":[{"count":1,"href":"https:\/\/www.manologarciaycia.com\/index.php?rest_route=\/wp\/v2\/posts\/4096\/revisions"}],"predecessor-version":[{"id":4097,"href":"https:\/\/www.manologarciaycia.com\/index.php?rest_route=\/wp\/v2\/posts\/4096\/revisions\/4097"}],"wp:attachment":[{"href":"https:\/\/www.manologarciaycia.com\/index.php?rest_route=%2Fwp%2Fv2%2Fmedia&parent=4096"}],"wp:term":[{"taxonomy":"category","embeddable":true,"href":"https:\/\/www.manologarciaycia.com\/index.php?rest_route=%2Fwp%2Fv2%2Fcategories&post=4096"},{"taxonomy":"post_tag","embeddable":true,"href":"https:\/\/www.manologarciaycia.com\/index.php?rest_route=%2Fwp%2Fv2%2Ftags&post=4096"}],"curies":[{"name":"wp","href":"https:\/\/api.w.org\/{rel}","templated":true}]}}