{"id":4090,"date":"2012-11-15T19:14:45","date_gmt":"2012-11-15T18:14:45","guid":{"rendered":"http:\/\/www.manologarciaycia.com\/?p=4090"},"modified":"2012-11-15T19:16:12","modified_gmt":"2012-11-15T18:16:12","slug":"mg-llueven-pajaros-de-barro-sobre-valencia-fotos","status":"publish","type":"post","link":"https:\/\/www.manologarciaycia.com\/?p=4090","title":{"rendered":"MG: Llueven p\u00e1jaros de barro sobre Valencia (fotos)"},"content":{"rendered":"<p>Voz emblem\u00e1tica del panorama musical espa\u00f1ol, carism\u00e1tico, amante del arte, y seriamente comprometido con acciones solidarias. Ese es\u00a0<strong>Manolo Garc\u00eda<\/strong>, que nos deleit\u00f3 este s\u00e1bado 10 de noviembre en el Auditorio Municipal de esta localidad valenciana siguiendo su gira teatral, suspendida recientemente por indisposici\u00f3n del artista.<\/p>\n<p>Aunque a\u00fan est\u00e1 en recuperaci\u00f3n, hizo gala de su gran profesionalidad, y consigui\u00f3 lo que sabe llevar a cabo perfectamente: ganarse totalmente el coraz\u00f3n de un p\u00fablico rendido ante \u00e9l. Puesta de escena elegante e impecable, acompa\u00f1ando a sus letras, poes\u00edas sin rima y un tanto surrealistas, pero cargadas de sentimiento. Y entre canci\u00f3n y canci\u00f3n, menciones discretas a la situaci\u00f3n actual y otras m\u00e1s espec\u00edficas de ayuda y compromiso con los necesitados.<\/p>\n<p>Es muy dif\u00edcil resumir su espect\u00e1culo y aspectos t\u00e9cnicos-musicales del mismo. No lo voy a hacer. Ni tampoco hablar\u00e9 de las canciones que ha tocado. Solamente dir\u00e9 que este s\u00e1bado he estado muy cerca de un ser humano genial.<\/p>\n<p><img decoding=\"async\" class=\"aligncenter\" src=\"http:\/\/www.ardemagazine.com\/arde\/wp-content\/uploads\/2012\/11\/Txusardura_Manologarcia03-640x459.jpg\" alt=\"\" \/><\/p>\n<p> Fuente: ArdeMagazine &#8211; <a href=\"http:\/\/www.ardemagazine.com\/arde\/?p=54320\" target=\"_blank\">ENLACE<\/a>\u00a0Fotos de Txus Ardura<\/p>\n<p style=\"text-align: center;\"><img decoding=\"async\" src=\"http:\/\/www.ardemagazine.com\/arde\/wp-content\/uploads\/2012\/11\/Txusardura_Manologarcia01-640x509.jpg\" alt=\"\" \/><\/p>\n<p style=\"text-align: center;\"><img decoding=\"async\" src=\"http:\/\/www.ardemagazine.com\/arde\/wp-content\/uploads\/2012\/11\/Txusardura_Manologarcia04-640x496.jpg\" alt=\"\" \/><\/p>\n<p style=\"text-align: center;\"><img decoding=\"async\" src=\"http:\/\/www.ardemagazine.com\/arde\/wp-content\/uploads\/2012\/11\/Txusardura_Manologarcia07-640x492.jpg\" alt=\"\" \/><\/p>\n<p style=\"text-align: center;\"><img decoding=\"async\" src=\"http:\/\/www.ardemagazine.com\/arde\/wp-content\/uploads\/2012\/11\/Txusardura_Manologarcia05-640x448.jpg\" alt=\"\" \/><\/p>\n<p><img decoding=\"async\" class=\"aligncenter\" src=\"http:\/\/www.ardemagazine.com\/arde\/wp-content\/uploads\/2012\/11\/Txusardura_Manologarcia06-640x410.jpg\" alt=\"\" \/><\/p>\n<p><img decoding=\"async\" class=\"aligncenter\" src=\"http:\/\/www.ardemagazine.com\/arde\/wp-content\/uploads\/2012\/11\/Txusardura_Manologarcia02-640x515.jpg\" alt=\"\" \/><\/p>\n","protected":false},"excerpt":{"rendered":"<p>Voz emblem\u00e1tica del panorama musical espa\u00f1ol, carism\u00e1tico, amante del arte, y seriamente comprometido con acciones solidarias. Ese es\u00a0Manolo Garc\u00eda, que nos deleit\u00f3 este s\u00e1bado 10 de noviembre en el Auditorio Municipal de esta localidad valenciana siguiendo su gira teatral, suspendida recientemente por indisposici\u00f3n del artista. Aunque a\u00fan est\u00e1 en recuperaci\u00f3n, hizo gala de su gran<a class=\"moretag\" href=\"https:\/\/www.manologarciaycia.com\/?p=4090\" title=\"MG: Llueven p\u00e1jaros de barro sobre Valencia (fotos)\" target=\"_self\" rel=\"follow\"> <font face=arial size=2>[Leer m\u00e1s]<\/font> <\/a><\/p>\n","protected":false},"author":2,"featured_media":0,"comment_status":"closed","ping_status":"closed","sticky":false,"template":"","format":"standard","meta":{"footnotes":""},"categories":[1],"tags":[],"class_list":["post-4090","post","type-post","status-publish","format-standard","hentry","category-manolo-garcia"],"_links":{"self":[{"href":"https:\/\/www.manologarciaycia.com\/index.php?rest_route=\/wp\/v2\/posts\/4090","targetHints":{"allow":["GET"]}}],"collection":[{"href":"https:\/\/www.manologarciaycia.com\/index.php?rest_route=\/wp\/v2\/posts"}],"about":[{"href":"https:\/\/www.manologarciaycia.com\/index.php?rest_route=\/wp\/v2\/types\/post"}],"author":[{"embeddable":true,"href":"https:\/\/www.manologarciaycia.com\/index.php?rest_route=\/wp\/v2\/users\/2"}],"replies":[{"embeddable":true,"href":"https:\/\/www.manologarciaycia.com\/index.php?rest_route=%2Fwp%2Fv2%2Fcomments&post=4090"}],"version-history":[{"count":3,"href":"https:\/\/www.manologarciaycia.com\/index.php?rest_route=\/wp\/v2\/posts\/4090\/revisions"}],"predecessor-version":[{"id":4092,"href":"https:\/\/www.manologarciaycia.com\/index.php?rest_route=\/wp\/v2\/posts\/4090\/revisions\/4092"}],"wp:attachment":[{"href":"https:\/\/www.manologarciaycia.com\/index.php?rest_route=%2Fwp%2Fv2%2Fmedia&parent=4090"}],"wp:term":[{"taxonomy":"category","embeddable":true,"href":"https:\/\/www.manologarciaycia.com\/index.php?rest_route=%2Fwp%2Fv2%2Fcategories&post=4090"},{"taxonomy":"post_tag","embeddable":true,"href":"https:\/\/www.manologarciaycia.com\/index.php?rest_route=%2Fwp%2Fv2%2Ftags&post=4090"}],"curies":[{"name":"wp","href":"https:\/\/api.w.org\/{rel}","templated":true}]}}