{"id":409,"date":"2010-03-02T08:42:13","date_gmt":"2010-03-02T07:42:13","guid":{"rendered":"http:\/\/petaos.net\/?p=409"},"modified":"2010-03-02T08:42:13","modified_gmt":"2010-03-02T07:42:13","slug":"manolo-garcia-video-participacion-festival-solidari","status":"publish","type":"post","link":"https:\/\/www.manologarciaycia.com\/?p=409","title":{"rendered":"Manolo Garc\u00eda: Video participaci\u00f3n Festival Solidari"},"content":{"rendered":"<p style=\"text-align: left;\">Os dejo un video del Festival Soliari en el que Manolo particip\u00f3 junto a Ricardo y Nacho. Gracias a Laura por el enlace al video y la rese\u00f1a.<\/p>\n<p style=\"text-align: left;\">Manolo Garc\u00eda estuvo acompa\u00f1ado solamente por la guitarra espa\u00f1ola de Ricardo Mar\u00edn y el acorde\u00f3n de Nacho Lesko. Los tres interpretaron cuatro temas, en versi\u00f3n ac\u00fastica: Ardi\u00f3 mi memoria, No est\u00e9s triste, en la que Manolo se atrevi\u00f3 con la guitarra, y en el bis, Somos levedad e Insurrecci\u00f3n, las dos tambi\u00e9n en versi\u00f3n ac\u00fastica.<\/p>\n<p style=\"text-align: center;\"><object id=\"SVP2738050IE\" classid=\"clsid:d27cdb6e-ae6d-11cf-96b8-444553540000\" width=\"320\" height=\"277\" codebase=\"http:\/\/download.macromedia.com\/pub\/shockwave\/cabs\/flash\/swflash.cab#version=6,0,40,0\"><param name=\"scale\" value=\"noscale\" \/><param name=\"align\" value=\"tl\" \/><param name=\"swliveconnect\" value=\"true\" \/><param name=\"menu\" value=\"true\" \/><param name=\"allowFullScreen\" value=\"true\" \/><param name=\"allowscriptaccess\" value=\"always\" \/><param name=\"FlashVars\" value=\"VIDEO_ID=2738050&amp;FD=2738050&amp;WIDTH=320&amp;HEIGHT=240&amp;USE_LINK_TOCONTEXT=true\" \/><param name=\"src\" value=\"http:\/\/www.tv3.cat\/svp2\/svp2.swf\" \/><param name=\"name\" value=\"SVP2738050\" \/><param name=\"flashvars\" value=\"VIDEO_ID=2738050&amp;FD=2738050&amp;WIDTH=320&amp;HEIGHT=240&amp;USE_LINK_TOCONTEXT=true\" \/><param name=\"allowfullscreen\" value=\"true\" \/><embed id=\"SVP2738050IE\" type=\"application\/x-shockwave-flash\" width=\"320\" height=\"277\" src=\"http:\/\/www.tv3.cat\/svp2\/svp2.swf\" allowfullscreen=\"true\" align=\"tl\" scale=\"noscale\" swliveconnect=\"true\" menu=\"true\" allowscriptaccess=\"always\" flashvars=\"VIDEO_ID=2738050&amp;FD=2738050&amp;WIDTH=320&amp;HEIGHT=240&amp;USE_LINK_TOCONTEXT=true\" name=\"SVP2738050\"><\/embed><\/object><\/p>\n<p style=\"text-align: left;\">Fuente: Laura &#8211; TV3 (<a href=\"http:\/\/www.tv3.cat\/videos\/2738050\/Al-Festival-Solidari-per-a-Etiopia\" target=\"_blank\">enlace<\/a>)<\/p>\n","protected":false},"excerpt":{"rendered":"<p>Os dejo un video del Festival Soliari en el que Manolo particip\u00f3 junto a Ricardo y Nacho. Gracias a Laura por el enlace al video y la rese\u00f1a. Manolo Garc\u00eda estuvo acompa\u00f1ado solamente por la guitarra espa\u00f1ola de Ricardo Mar\u00edn y el acorde\u00f3n de Nacho Lesko. Los tres interpretaron cuatro temas, en versi\u00f3n ac\u00fastica: Ardi\u00f3<a class=\"moretag\" href=\"https:\/\/www.manologarciaycia.com\/?p=409\" title=\"Manolo Garc\u00eda: Video participaci\u00f3n Festival Solidari\" target=\"_self\" rel=\"follow\"> <font face=arial size=2>[Leer m\u00e1s]<\/font> <\/a><\/p>\n","protected":false},"author":2,"featured_media":0,"comment_status":"closed","ping_status":"open","sticky":false,"template":"","format":"standard","meta":{"footnotes":""},"categories":[1],"tags":[77],"class_list":["post-409","post","type-post","status-publish","format-standard","hentry","category-manolo-garcia","tag-manolo-garcia-concierto-actuacion-acustico-luz-gas-festival-solidari-ricardo-marin"],"_links":{"self":[{"href":"https:\/\/www.manologarciaycia.com\/index.php?rest_route=\/wp\/v2\/posts\/409","targetHints":{"allow":["GET"]}}],"collection":[{"href":"https:\/\/www.manologarciaycia.com\/index.php?rest_route=\/wp\/v2\/posts"}],"about":[{"href":"https:\/\/www.manologarciaycia.com\/index.php?rest_route=\/wp\/v2\/types\/post"}],"author":[{"embeddable":true,"href":"https:\/\/www.manologarciaycia.com\/index.php?rest_route=\/wp\/v2\/users\/2"}],"replies":[{"embeddable":true,"href":"https:\/\/www.manologarciaycia.com\/index.php?rest_route=%2Fwp%2Fv2%2Fcomments&post=409"}],"version-history":[{"count":1,"href":"https:\/\/www.manologarciaycia.com\/index.php?rest_route=\/wp\/v2\/posts\/409\/revisions"}],"predecessor-version":[{"id":410,"href":"https:\/\/www.manologarciaycia.com\/index.php?rest_route=\/wp\/v2\/posts\/409\/revisions\/410"}],"wp:attachment":[{"href":"https:\/\/www.manologarciaycia.com\/index.php?rest_route=%2Fwp%2Fv2%2Fmedia&parent=409"}],"wp:term":[{"taxonomy":"category","embeddable":true,"href":"https:\/\/www.manologarciaycia.com\/index.php?rest_route=%2Fwp%2Fv2%2Fcategories&post=409"},{"taxonomy":"post_tag","embeddable":true,"href":"https:\/\/www.manologarciaycia.com\/index.php?rest_route=%2Fwp%2Fv2%2Ftags&post=409"}],"curies":[{"name":"wp","href":"https:\/\/api.w.org\/{rel}","templated":true}]}}