{"id":4084,"date":"2012-11-14T06:42:10","date_gmt":"2012-11-14T05:42:10","guid":{"rendered":"http:\/\/www.manologarciaycia.com\/?p=4084"},"modified":"2012-11-14T06:45:31","modified_gmt":"2012-11-14T05:45:31","slug":"mg-me-gusta-ir-en-zigzag-no-en-linea-recta","status":"publish","type":"post","link":"https:\/\/www.manologarciaycia.com\/?p=4084","title":{"rendered":"MG: \u00abMe gusta ir en zigzag, no en l\u00ednea recta\u00bb"},"content":{"rendered":"<p><img loading=\"lazy\" decoding=\"async\" class=\"alignleft\" src=\"http:\/\/www.ideal.es\/granada\/prensa\/noticias\/201211\/14\/fotos\/15703586.jpg\" alt=\"\" width=\"300\" height=\"222\" \/> Manolo Garc\u00eda (Barcelona, 1955) regresa este fin de semana a Granada, con las entradas agotadas en sus dos citas en el Palacio de Congresos. Famoso por darlo todo en los escenarios, la antigua mitad de El \u00daltimo de la Fila promete \u00abfiesta\u00bb y alguna sorpresa en estas dos veladas en la que repasar\u00e1 toda su trayectoria y presentar\u00e1 su nuevo disco, &#8216;Los d\u00edas intactos&#8217;.<\/p>\n<p><strong>A lo mejor habr\u00eda podido permitirse actuar en un auditorio m\u00e1s grande&#8230; \u00bfLe gusta m\u00e1s la cercan\u00eda de los peque\u00f1os escenarios?<\/strong><\/p>\n<p><strong><\/strong><em>En los \u00faltimos tiempos, s\u00ed. Tambi\u00e9n hay que decir la verdad: con la crisis, todo ha cambiado mucho. Es cierto que ahora mismo supone mucho m\u00e1s riesgo hacer plazas de toros, sitios grandes&#8230; Si quieres hacer una gira de sitios grandes, hay que plantearse hacer ocho o diez conciertos. Si pretendes tocar en muchas ciudades, como yo he hecho siempre, es m\u00e1s complicado. Coincide tambi\u00e9n que, sinceramente, a m\u00ed el formato teatro, de mil y pico o dos mil personas, me encanta. No hay que llevar esas pantallas odiosas, que parece que est\u00e1s mirando la televisi\u00f3n; hay una proximidad f\u00edsica, hay una mejor calidad de sonido. Y ahora mismo estoy disfrut\u00e1ndolo m\u00e1s as\u00ed.<\/em><\/p>\n<p>Fuente: Ideal (resto en edici\u00f3n escrita) &#8211; <a href=\"http:\/\/www.ideal.es\/granada\/v\/20121114\/cultura\/gusta-zigzag-lnea-recta-20121114.html\" target=\"_blank\">ENLACE<\/a><\/p>\n","protected":false},"excerpt":{"rendered":"<p>Manolo Garc\u00eda (Barcelona, 1955) regresa este fin de semana a Granada, con las entradas agotadas en sus dos citas en el Palacio de Congresos. Famoso por darlo todo en los escenarios, la antigua mitad de El \u00daltimo de la Fila promete \u00abfiesta\u00bb y alguna sorpresa en estas dos veladas en la que repasar\u00e1 toda su<a class=\"moretag\" href=\"https:\/\/www.manologarciaycia.com\/?p=4084\" title=\"MG: \u00abMe gusta ir en zigzag, no en l\u00ednea recta\u00bb\" target=\"_self\" rel=\"follow\"> <font face=arial size=2>[Leer m\u00e1s]<\/font> <\/a><\/p>\n","protected":false},"author":2,"featured_media":0,"comment_status":"closed","ping_status":"closed","sticky":false,"template":"","format":"standard","meta":{"footnotes":""},"categories":[1],"tags":[],"class_list":["post-4084","post","type-post","status-publish","format-standard","hentry","category-manolo-garcia"],"_links":{"self":[{"href":"https:\/\/www.manologarciaycia.com\/index.php?rest_route=\/wp\/v2\/posts\/4084","targetHints":{"allow":["GET"]}}],"collection":[{"href":"https:\/\/www.manologarciaycia.com\/index.php?rest_route=\/wp\/v2\/posts"}],"about":[{"href":"https:\/\/www.manologarciaycia.com\/index.php?rest_route=\/wp\/v2\/types\/post"}],"author":[{"embeddable":true,"href":"https:\/\/www.manologarciaycia.com\/index.php?rest_route=\/wp\/v2\/users\/2"}],"replies":[{"embeddable":true,"href":"https:\/\/www.manologarciaycia.com\/index.php?rest_route=%2Fwp%2Fv2%2Fcomments&post=4084"}],"version-history":[{"count":2,"href":"https:\/\/www.manologarciaycia.com\/index.php?rest_route=\/wp\/v2\/posts\/4084\/revisions"}],"predecessor-version":[{"id":4087,"href":"https:\/\/www.manologarciaycia.com\/index.php?rest_route=\/wp\/v2\/posts\/4084\/revisions\/4087"}],"wp:attachment":[{"href":"https:\/\/www.manologarciaycia.com\/index.php?rest_route=%2Fwp%2Fv2%2Fmedia&parent=4084"}],"wp:term":[{"taxonomy":"category","embeddable":true,"href":"https:\/\/www.manologarciaycia.com\/index.php?rest_route=%2Fwp%2Fv2%2Fcategories&post=4084"},{"taxonomy":"post_tag","embeddable":true,"href":"https:\/\/www.manologarciaycia.com\/index.php?rest_route=%2Fwp%2Fv2%2Ftags&post=4084"}],"curies":[{"name":"wp","href":"https:\/\/api.w.org\/{rel}","templated":true}]}}