{"id":4080,"date":"2012-11-14T06:44:02","date_gmt":"2012-11-14T05:44:02","guid":{"rendered":"http:\/\/www.manologarciaycia.com\/?p=4080"},"modified":"2012-11-14T06:47:10","modified_gmt":"2012-11-14T05:47:10","slug":"qp-un-genio-que-aloja-una-bestia-dentro-de-el","status":"publish","type":"post","link":"https:\/\/www.manologarciaycia.com\/?p=4080","title":{"rendered":"QP: Un genio que aloja una bestia dentro de \u00e9l."},"content":{"rendered":"<p><img loading=\"lazy\" decoding=\"async\" class=\"aligncenter\" src=\"https:\/\/fbcdn-sphotos-e-a.akamaihd.net\/hphotos-ak-ash3\/c0.0.700.334.63819691578\/p843x403\/535418_285904484845498_1331736896_n.jpg\" alt=\"\" width=\"700\" height=\"330\" \/><\/p>\n<table width=\"100%\" border=\"0\" cellspacing=\"0\" cellpadding=\"8\" align=\"center\">\n<tbody>\n<tr>\n<td valign=\"top\">\n<div>\n<p><span><span>Esta entrevista se pudo realizar por tel\u00e9fono. Sin embargo, no fue as\u00ed. Tengo cierta alergia hacia ellos. Gracias a su amabilidad y paciencia, acordamos hacerla por escrito. Adem\u00e1s, el m\u00f3vil se me habr\u00eda ca\u00eddo cinco o seis veces al suelo por los nervios \u2013lo que ser\u00eda muy molesto para el entrevistado\u2013. O quiz\u00e1s el que se hubiera ca\u00eddo hubiese sido yo. Como tantos otros, soy un enamorado de su trabajo.<\/span><\/span>El \u00daltimo de la Fila (en adelante: EUDLF) lo descubr\u00ed cuando iba al colegio. Los Burros y sus huesos vinieron despu\u00e9s. Fue uno de mis primeros conciertos, en la plaza de toros de Alc\u00e1zar de San Juan, presentando \u201cNuevo peque\u00f1o cat\u00e1logo de seres y estares\u201d (1990). Hoy tengo treinta y cinco a\u00f1os \u2013pasaron muchas personas por mi vida, m\u00e1s de una me dijo adi\u00f3s\u2013, pero no han pasado tres d\u00edas seguidos sin escuchar su guitarra y\/o su voz.No tengo ni idea de catal\u00e1n \u2013ni de tantas otras cosas\u2013. Apenas se me qued\u00f3 grabada alguna que otra palabra en las distintas ocasiones en las que visit\u00e9 la playa de chinas de Calella. Sin embargo, esta carencia no me ha impedido disfrutar de discos tan fant\u00e1sticos como \u201cHoquei sobre pedres\u201d (1997), \u201cCan\u00e7oner electromagn\u00e8tic\u201d (1999) o el que ha publicado este a\u00f1o, \u201cOh my love\u201d(2012), el cual est\u00e1 presentando en directo desde comienzos de este verano finiquitado.<\/p>\n<p>Le guardo un aprecio enorme. En solitario o con Manolo Garc\u00eda me ha dado mucho \u2013siempre consigue calentarme el coraz\u00f3n\u2013. Yo, en cambio, s\u00f3lo le he comprado unos discos y unos tickets para sus conciertos. Se\u00f1or Portet, muy amable por atenderme. Muchas gracias.<\/p>\n<p><strong>Menos en \u201cCan\u00e7oner electromagn\u00e9tic\u201d, el t\u00edtulo de una de sus canciones siempre es compartido con el del disco. Se repite la situaci\u00f3n con la publicaci\u00f3n de \u201cOh my love\u201d, t\u00edtulo de su \u00faltima grabaci\u00f3n y del segundo tema del mismo. \u00bfA qu\u00e9 se debe este hecho? \u00bfPor qu\u00e9 no uno distinto?\u00a0<\/strong><br \/>\nQuiz\u00e1 es un tic que guardo de la \u00e9poca cl\u00e1sica del Rock. Cuando yo era joven muchos de los discos que me gustaban, llevaban el t\u00edtulo de una de las canciones.<\/p>\n<p><strong>\u00bfQu\u00e9 palabra le definir\u00eda mejor: artista o artesano? \u00bfGuitarra o cantante? \u00bfCompositor o m\u00fasico?<\/strong><br \/>\nA m\u00ed siempre me ha gustado presentarme como m\u00fasico. Creo que es el apelativo que mejor define mi oficio.<\/p>\n<p><strong>Siempre ha mostrado un tacto singular a la hora de elegir las palabras que acabar\u00edan erigiendo las letras de sus canciones. \u00bfGuarda una novela o un poemario bajo llave y sin publicar?<\/strong><br \/>\nNo le puedo negar que desde muy joven me ha gustado escribir pero siempre he escrito textos cortos. Cuando cambio de folio, cambio de tema. Quiz\u00e1s alg\u00fan d\u00eda eso pueda cambiar pero de momento la situaci\u00f3n es esa. El g\u00e9nero en el que me siento m\u00e1s c\u00f3modo escribiendo es en el de las canciones.<\/p>\n<p><strong>Si hay una bestia dentro de usted, \u00bfqu\u00e9 imagina que hay en el interior de los pol\u00edticos y banqueros que nos gobiernan? \u00bfSaltar\u00e1n muchos amores por la ventana en los pr\u00f3ximos a\u00f1os por culpa de ellos?<\/strong><br \/>\nPara ser pol\u00edtico o banquero hacen falta una ambici\u00f3n y una vanidad sobredimensionadas. La mayor\u00eda de la poblaci\u00f3n carece de esas caracter\u00edsticas. Me resulta muy dif\u00edcil entender las paradojas del poder. Las relaciones humanas a gran escala se basan actualmente en el puro energumenismo disfrazado de democracia.<\/p>\n<p><strong>No porque suenen igual, que no lo hacen, pero cuando la escucho, mi cabeza sin sombrero relaciona instant\u00e1neamente \u201cCarrer nou\u201d con \u201cOde to sad disco\u201d, del \u00faltimo disco de Mark Lanegan. \u00bfLe interesan las programaciones y las m\u00e1quinas para experimentar con su m\u00fasica?<\/strong><br \/>\nTodas las herramientas que me ofrece el estudio de grabaci\u00f3n son bienvenidas a la hora de componer. No tengo una idea predeterminada de como deben ser mis canciones desde un punto de vista est\u00e9tico, de ah\u00ed que alguno de mis discos pueda sonar m\u00e1s tecnol\u00f3gico que otro. Todos los m\u00fasicos solemos creer que cada uno de nuestros discos suena completamente diferente a los otros. La realidad objetiva no es generalmente esa. Por m\u00e1s que nos esforcemos, nuestros discos se parecen m\u00e1s de lo que creemos.<\/p>\n<p><strong>Quiz\u00e1s est\u00e9 equivocado, pero en cada nuevo disco le encuentro m\u00e1s c\u00f3modo y seguro con su voz. \u00bfQu\u00e9 tal se lleva con ella? \u00bfEst\u00e1n peleados o son una pareja feliz?<\/strong><br \/>\nSoy perfectamente consciente de las limitaciones de mi voz. Procuro suplir esa eventualidad componiendo canciones adaptadas a ese hecho. Ese es un proceso que, como tantos otros, se aprende con los a\u00f1os. Probablemente cuando domine a la perfecci\u00f3n ese proceso no quedar\u00e1n ni voz ni a\u00f1os.<\/p>\n<p><strong>En sus primeros pasos en solitario tras el 13 de enero de 1998 \u2013fecha en la que anuncian la separaci\u00f3n de EUDLF\u2013, \u00bfpens\u00f3 en utilizar la voz de otro u otros cantantes o siempre tuvo claro que ser\u00eda la suya la que escuchar\u00edamos cuando puls\u00e1semos el play?<\/strong><br \/>\nSiempre me ha gustado cantar mis temas. Cantaba antes de el \u00daltimo de la Fila y he vuelto a cantar despu\u00e9s. Creo que es perfectamente comprensible que en el \u00daltimo de la Fila cantara Manolo dada la incre\u00edble calidad y expresividad de su voz. Posteriormente he tenido la suerte de producir los discos de Adri\u00e0 Punt\u00ed que me han permitido volver a trabajar con alguien que tiene una voz y una expresividad totalmente fuera de lo com\u00fan.<\/p>\n<p><strong>La mayor\u00eda de nosotros no domina el ingl\u00e9s. Sin embargo, acepta la m\u00fasica cantada en este idioma con absoluta naturalidad. No sucede as\u00ed cuando los estribillos son en gallego o en catal\u00e1n. Apenas se les concede una oportunidad. \u00bfCu\u00e1l es la raz\u00f3n?<\/strong><br \/>\nEl ingl\u00e9s como \u00ablingua franca\u00bb de la m\u00fasica popular tiene una larga tradici\u00f3n a partir de la segunda mitad del siglo XX. Es perfectamente l\u00f3gico que el p\u00fablico en general acepte ese hecho como algo habitual. Cuando se pertenece a una cultura relativamente peque\u00f1a se tiene una curiosidad innata por otras culturas y por otras lenguas. Al contrario, cuando se pertenece a una cultura de dimensiones considerables, esa curiosidad s\u00f3lo se da en \u00e9lites cultivadas y en sectores reducidos de la sociedad.<\/p>\n<\/div>\n<\/td>\n<\/tr>\n<tr>\n<td align=\"center\"><iframe loading=\"lazy\" src=\"http:\/\/www.youtube.com\/embed\/Q0g1zPEwpcA?wmode=transparent\" frameborder=\"0\" width=\"420\" height=\"315\"><\/iframe><\/td>\n<\/tr>\n<tr>\n<td valign=\"top\">\n<div>\n<p><span><span><strong>En su etapa en EUDLF, \u00bfcompon\u00eda en catal\u00e1n y despu\u00e9s traduc\u00eda las letras a castellano? Si fuese as\u00ed, \u00bfpor qu\u00e9 no las grabaron en catal\u00e1n \u2013y m\u00e1s teniendo en cuenta que grabaron y publicaron en ingl\u00e9s y en italiano\u2013?<\/strong><br \/>\nAlgunas canciones de las que compuse en el \u00daltimo de la Fila fueron efectivamente escritas en catal\u00e1n y traducidas al castellano (me viene a la memoria, por ejemplo, \u00abMar antiguo\u00bb). Compuse tambi\u00e9n muchas canciones directamente en castellano. En los dos casos me siento perfectamente c\u00f3modo.<\/span><\/span>Existe una versi\u00f3n de \u00abDel Templo a la taberna\u00bb que cantamos en catal\u00e1n en un \u00abespecial Fin de a\u00f1o\u00bb de Andreu Buenafuente para TV3.<strong>A sus seguidores siempre nos ha parecido usted una persona \u00edntegra, honesta y consecuente con sus declaraciones. \u00bfEs f\u00e1cil serlo en un mundo como \u00e9ste? Aunque cante dos veces \u201cSunny day\u201d en el disco, m\u00e1s bien se nos antoja \u201cHard day\u201d.<\/strong><\/p>\n<p>Le agradezco el comentario pero creo que para saber si una persona es realmente \u00edntegra , honesta y consecuente, hay que pregunt\u00e1rselo a los familiares m\u00e1s cercanos o a las personas que viven el d\u00eda a d\u00eda con \u00e9l&#8230; y no es broma.<strong>Los videos musicales que rueda con tanto humor \u2013y, para mi gusto, tan injustos con tan grandes canciones\u2013, \u00bfson el tributo que debe pagar para que podamos tener sus discos en nuestras casas?<\/strong><\/p>\n<p>Nunca he sido especialmente aficionado al g\u00e9nero video-clip. Con los a\u00f1os he dado con una forma de trabajar ese aspecto de mi carrera que tiene algo de \u00abvenganza\u00bb contra el g\u00e9nero pero que tambi\u00e9n me produce una cierta diversi\u00f3n. Si me permite simplificar, le dir\u00e9 que una vez la canci\u00f3n est\u00e1 compuesta y grabada ya estoy satisfecho. Para m\u00ed todo lo dem\u00e1s (promoci\u00f3n, videos&#8230;etc.) es accesorio y simplemente lo acepto con deportividad.<\/p>\n<p><strong>Ha grabado m\u00e1s discos en solitario que con Manolo Garc\u00eda. Sin embargo, para nosotros siempre ser\u00e1 parte fundamental de esta banda. No lo hacemos con mala fe, se\u00f1or Portet, es que ustedes nos marcaron para el resto de nuestras vidas sin sentido. \u00bfSomos unos burros? \u00bfLe molesta o se ha resignado a aceptar que nunca ser\u00e1 Quimi Portet a secas?<\/strong><br \/>\nEs un honor, y creo que en este caso puedo hablar por Manolo y por m\u00ed mismo, que nuestras canciones inspiraran e inspiren a tanta gente pero finalmente lo \u00fanico que nosotros hicimos e intentamos seguir haciendo cada uno por su lado, es disfrutar al m\u00e1ximo de nuestro oficio y hacerlo lo mejor posible dentro de nuestras posibilidades.<\/p>\n<p>Ser Quimi Portet \u00aba secas\u00bb nunca me ha molestado porque en el fondo todos somos nosotros mismos \u00aba secas\u00bb siempre, incluso cuando trabajamos en equipo. El que no acepte esa obviedad gastar\u00e1 una fortuna en psiquiatras, en terapias improbables o en productos m\u00e1s o menos t\u00f3xicos.<\/p>\n<p><strong>En estos a\u00f1os se ha reeditado la discograf\u00eda de EUDLF. \u00bfEstuvo implicado en estas publicaciones? \u00bfPor qu\u00e9 no tenemos directos de la banda? \u00a1Ustedes no ten\u00edan rival sobre las tablas!<\/strong><br \/>\nEn la \u00faltima recopilaci\u00f3n que se public\u00f3, estuvimos efectivamente implicados en las remezclas y remasterizaci\u00f3n del material y fue un placer revisitar esos temas en el estudio. Por lo que respecta al material en directo, debo aceptar que nunca me han gustado los discos en directo. Creo que las actuaciones en vivo no pueden plasmarse en toda su intensidad en un simple CD. S\u00e9 perfectamente que mi postura puede resultar un tanto estramb\u00f3tica pero no puedo evitarlo.<\/p>\n<p><strong>En estas reediciones ech\u00e9 a faltar \u201cTodo un hombrecito\u201d y \u201cMaldita mi estampa\u201d. \u00bfQuedan en los archivos m\u00e1s canciones grabadas, no publicadas y desconocidas para el gran p\u00fablico?<\/strong><br \/>\nTodo el material que compusimos junto a Manolo ha estado publicado en alguna u otra ocasi\u00f3n.<\/p>\n<p><strong>Estar cerca de alguien mucho tiempo nos influye. \u00bfQu\u00e9 encuentra suyo en los discos de Manolo Garc\u00eda y qu\u00e9 de \u00e9l en sus discos en solitario?<\/strong><br \/>\nCon Manolo aprendimos el oficio juntos, ser\u00eda pueril no aceptar que nuestras mutuas influencias est\u00e1n presentes en nuestras carreras en solitario. Adem\u00e1s nuestra amistad fue siempre m\u00e1s all\u00e1 de la m\u00fasica y es en ese aspecto donde hay que buscar las interacciones m\u00e1s importantes entre nuestras carreras.<\/p>\n<p><strong>Ha venido trabajando tambi\u00e9n como productor, sobre todo con Albert Pla. Lejos de las c\u00e1maras, en la intimidad, \u00bfes tan m\u00e1gico como nos parece a nosotros sobre un escenario o detr\u00e1s de la pantalla del televisor?<\/strong><br \/>\nAlbert es un artista \u00fanico que tiene la habilidad de arrastrarte a un mundo donde todo est\u00e1 subvertido, los valores est\u00e9ticos, los emocionales, los morales, los pol\u00edticos, etc. Esa experiencia la vive el p\u00fablico intensamente y le puedo asegurar que produciendo sus discos se vive de una forma intens\u00edsima.<\/p>\n<p><strong>Coprodujo junto a Phil Manzanera el disco \u201cLa forma de mover tus manos\u201d (2003), de Elefantes, con el que la banda dio un paso de gigante en cuanto a composici\u00f3n y sonido \u2013nunca sus guitarras hab\u00edan sonado tan s\u00f3lidas y contundentes\u2013. \u00bfC\u00f3mo lo hicieron? \u00bfCada uno trabaj\u00f3 sobre determinadas canciones o colaboraron codo a codo en todos los temas? \u00bfQu\u00e9 recuerdos guarda?<\/strong><br \/>\nAl principio de la producci\u00f3n, simplemente nos repartimos los temas y cada uno de nosotros produc\u00eda los asignados previamente. Durante el proceso, sin embargo, los m\u00e9todos y el proceso se fueron mezclando y fue, debo decirlo, una grabaci\u00f3n muy agradable. La grabaci\u00f3n y mezclas se alargaron mucho en el tiempo y finalmente Phil trabaj\u00f3 mucho m\u00e1s que yo en el producto final. El mejor recuerdo: la amistad que trab\u00e9 con Phil y con todos los miembros del grupo.<\/p>\n<p>Quiz\u00e1s en el futuro tenga la suerte de seguir esta charla en persona tras la prueba de sonido de uno de sus conciertos. Prometo no desmayarme, estar\u00eda mucho m\u00e1s tranquilo que con el m\u00f3vil. As\u00ed sabr\u00eda si se acab\u00f3 leyendo \u201cLa divina comedia\u201d en italiano o qu\u00e9 libro tiene ahora mismo en la mesita de noche. Su pel\u00edcula favorita y la opini\u00f3n que guarda sobre la discograf\u00eda de Tom Waits y de Joe Henry. Ojal\u00e1 alg\u00fan d\u00eda.<\/p>\n<p>Fuente: Vivir en Verso &#8211; jazz baker &#8211; <a href=\"http:\/\/vivirenverso.com\/index.asp?iden=3&amp;id_not=56\" target=\"_blank\">ENLACE<\/a><\/p>\n<\/div>\n<\/td>\n<\/tr>\n<tr>\n<td align=\"center\"><a title=\"Ver M\u00e1s Informaci\u00f3n\" href=\"http:\/\/vivirenverso.com\/index.asp?iden=11&amp;id_articulista=1\"><img decoding=\"async\" src=\"http:\/\/vivirenverso.com\/imagenes_articulistas\/jazzbaker.jpg\" alt=\"\" border=\"0\" \/><\/a><\/td>\n<\/tr>\n<\/tbody>\n<\/table>\n","protected":false},"excerpt":{"rendered":"<p>Esta entrevista se pudo realizar por tel\u00e9fono. Sin embargo, no fue as\u00ed. Tengo cierta alergia hacia ellos. Gracias a su amabilidad y paciencia, acordamos hacerla por escrito. Adem\u00e1s, el m\u00f3vil se me habr\u00eda ca\u00eddo cinco o seis veces al suelo por los nervios \u2013lo que ser\u00eda muy molesto para el entrevistado\u2013. O quiz\u00e1s el que<a class=\"moretag\" href=\"https:\/\/www.manologarciaycia.com\/?p=4080\" title=\"QP: Un genio que aloja una bestia dentro de \u00e9l.\" target=\"_self\" rel=\"follow\"> <font face=arial size=2>[Leer m\u00e1s]<\/font> <\/a><\/p>\n","protected":false},"author":2,"featured_media":0,"comment_status":"closed","ping_status":"closed","sticky":false,"template":"","format":"standard","meta":{"footnotes":""},"categories":[9],"tags":[],"class_list":["post-4080","post","type-post","status-publish","format-standard","hentry","category-qumi-portet"],"_links":{"self":[{"href":"https:\/\/www.manologarciaycia.com\/index.php?rest_route=\/wp\/v2\/posts\/4080","targetHints":{"allow":["GET"]}}],"collection":[{"href":"https:\/\/www.manologarciaycia.com\/index.php?rest_route=\/wp\/v2\/posts"}],"about":[{"href":"https:\/\/www.manologarciaycia.com\/index.php?rest_route=\/wp\/v2\/types\/post"}],"author":[{"embeddable":true,"href":"https:\/\/www.manologarciaycia.com\/index.php?rest_route=\/wp\/v2\/users\/2"}],"replies":[{"embeddable":true,"href":"https:\/\/www.manologarciaycia.com\/index.php?rest_route=%2Fwp%2Fv2%2Fcomments&post=4080"}],"version-history":[{"count":6,"href":"https:\/\/www.manologarciaycia.com\/index.php?rest_route=\/wp\/v2\/posts\/4080\/revisions"}],"predecessor-version":[{"id":4089,"href":"https:\/\/www.manologarciaycia.com\/index.php?rest_route=\/wp\/v2\/posts\/4080\/revisions\/4089"}],"wp:attachment":[{"href":"https:\/\/www.manologarciaycia.com\/index.php?rest_route=%2Fwp%2Fv2%2Fmedia&parent=4080"}],"wp:term":[{"taxonomy":"category","embeddable":true,"href":"https:\/\/www.manologarciaycia.com\/index.php?rest_route=%2Fwp%2Fv2%2Fcategories&post=4080"},{"taxonomy":"post_tag","embeddable":true,"href":"https:\/\/www.manologarciaycia.com\/index.php?rest_route=%2Fwp%2Fv2%2Ftags&post=4080"}],"curies":[{"name":"wp","href":"https:\/\/api.w.org\/{rel}","templated":true}]}}