{"id":4077,"date":"2012-11-12T16:45:11","date_gmt":"2012-11-12T15:45:11","guid":{"rendered":"http:\/\/www.manologarciaycia.com\/?p=4077"},"modified":"2012-11-12T16:46:36","modified_gmt":"2012-11-12T15:46:36","slug":"mg-rock-hasta-encima-de-las-tapias","status":"publish","type":"post","link":"https:\/\/www.manologarciaycia.com\/?p=4077","title":{"rendered":"MG: Rock hasta encima de las tapias"},"content":{"rendered":"<p><img loading=\"lazy\" decoding=\"async\" class=\"alignleft\" src=\"https:\/\/fbcdn-sphotos-d-a.akamaihd.net\/hphotos-ak-prn1\/23898_558724047487044_1080823161_n.jpg\" alt=\"\" width=\"461\" height=\"307\" \/> Lo primero: Sorprendi\u00f3 gratamente encontrarse el pasado s\u00e1bado con un auditorio hasta los topes en unos tiempos en que empiezan a ser usuales las cancelaciones por escasa venta de entradas. M\u00e1xime cuando Manolo Garc\u00eda hac\u00eda solo siete meses que hab\u00eda actuado en el palacio de Congresos de Valencia y las entradas tampoco es que fueran un regalo (32 euros). Una demostraci\u00f3n m\u00e1s de que es uno de los valores seguros en Espa\u00f1a, con un p\u00fablico fiel que incluso identific\u00f3 alguna canci\u00f3n de la etapa anterior a El \u00faltimo de la fila.<\/p>\n<p>Una salvedad. El lleno total en el auditorio fue tan rotundo que se hac\u00eda dif\u00edcil ver al cantante \u201ela arquitectura del espacio no ayudaba tampoco, al estar el escenario en la parte m\u00e1s baja del recinto\u201e, lo que llev\u00f3 a algunos a encaramarse a los muros laterales o donde pudo. Quiz\u00e1 el aforo establecido fue superior al necesario para garantizar unas condiciones m\u00ednimas de visibilidad y disfrute de un espect\u00e1culo de pago. A tener en cuenta.<\/p>\n<p>El concierto. Potente, superel\u00e9ctrico, rockero. \u00bfQui\u00e9n dijo que Manolo Garc\u00eda ten\u00eda hace unas semanas una lumbalg\u00eda que le oblig\u00f3 a suspender? No par\u00f3 de moverse. La americana (negra) le aguant\u00f3 tres canciones. Y la noche no era precisamente calurosa y el concierto era al aire libre, aunque un techo m\u00f3vil cubr\u00eda el recinto. \u00abGracias por seguir\u00bb dec\u00eda una pancarta del p\u00fablico. \u00abGracias por la paciencia, porque ten\u00edais entradas para otro d\u00eda\u00bb fue el inicio de un concierto para sudar, en el que quien fue la mitad de El \u00faltimo de la fila mostr\u00f3 tambi\u00e9n su lado comprometido. \u00abBuena noticia: Obama dice que va a subir los impuestos a los ricos. Aleluya, hermanos\u00bb, dijo. Se acord\u00f3 tambi\u00e9n de los afectados por los desahucios, las v\u00edctimas de enfermedades raras y propuso una aclamada soluci\u00f3n al paro juvenil: que nos jubilen a los 60. Lo hizo antes del himno de la casa, en la primera propina: Insurrecci\u00f3n, al que sigui\u00f3 otro cl\u00e1sico cantado por el p\u00fablico, P\u00e1jaros de barro. Antes el personal hab\u00eda podido ensayar la apoteosis con una guitarrera y ca\u00f1era versi\u00f3n de Somos levedad. Al final, las esencias: siete m\u00fasicos en primera l\u00ednea del escenario en ac\u00fastico con instrumentos de la otra orilla del Mediterr\u00e1neo y la garganta flamenca de Manolo. Y de guinda, un corrido del otro lado del Atl\u00e1ntico ali\u00f1ado con la broma de La bamba. Una fiesta.<\/p>\n<p>Fuente: Levante-EMV &#8211; ALFONS GARCIA &#8211; <a href=\"http:\/\/www.levante-emv.com\/cultura\/2012\/11\/12\/rock-tapias\/951160.html\" target=\"_new\">ENLACE<\/a>\u00a0&#8211; Fotos: <a href=\"https:\/\/www.facebook.com\/media\/set\/?set=a.558723760820406.148157.141012682591518&amp;type=1\" target=\"_blank\">Galer\u00eda Ayuntamiento Burjassot<\/a><\/p>\n","protected":false},"excerpt":{"rendered":"<p>Lo primero: Sorprendi\u00f3 gratamente encontrarse el pasado s\u00e1bado con un auditorio hasta los topes en unos tiempos en que empiezan a ser usuales las cancelaciones por escasa venta de entradas. M\u00e1xime cuando Manolo Garc\u00eda hac\u00eda solo siete meses que hab\u00eda actuado en el palacio de Congresos de Valencia y las entradas tampoco es que fueran<a class=\"moretag\" href=\"https:\/\/www.manologarciaycia.com\/?p=4077\" title=\"MG: Rock hasta encima de las tapias\" target=\"_self\" rel=\"follow\"> <font face=arial size=2>[Leer m\u00e1s]<\/font> <\/a><\/p>\n","protected":false},"author":2,"featured_media":0,"comment_status":"closed","ping_status":"closed","sticky":false,"template":"","format":"standard","meta":{"footnotes":""},"categories":[1],"tags":[],"class_list":["post-4077","post","type-post","status-publish","format-standard","hentry","category-manolo-garcia"],"_links":{"self":[{"href":"https:\/\/www.manologarciaycia.com\/index.php?rest_route=\/wp\/v2\/posts\/4077","targetHints":{"allow":["GET"]}}],"collection":[{"href":"https:\/\/www.manologarciaycia.com\/index.php?rest_route=\/wp\/v2\/posts"}],"about":[{"href":"https:\/\/www.manologarciaycia.com\/index.php?rest_route=\/wp\/v2\/types\/post"}],"author":[{"embeddable":true,"href":"https:\/\/www.manologarciaycia.com\/index.php?rest_route=\/wp\/v2\/users\/2"}],"replies":[{"embeddable":true,"href":"https:\/\/www.manologarciaycia.com\/index.php?rest_route=%2Fwp%2Fv2%2Fcomments&post=4077"}],"version-history":[{"count":2,"href":"https:\/\/www.manologarciaycia.com\/index.php?rest_route=\/wp\/v2\/posts\/4077\/revisions"}],"predecessor-version":[{"id":4079,"href":"https:\/\/www.manologarciaycia.com\/index.php?rest_route=\/wp\/v2\/posts\/4077\/revisions\/4079"}],"wp:attachment":[{"href":"https:\/\/www.manologarciaycia.com\/index.php?rest_route=%2Fwp%2Fv2%2Fmedia&parent=4077"}],"wp:term":[{"taxonomy":"category","embeddable":true,"href":"https:\/\/www.manologarciaycia.com\/index.php?rest_route=%2Fwp%2Fv2%2Fcategories&post=4077"},{"taxonomy":"post_tag","embeddable":true,"href":"https:\/\/www.manologarciaycia.com\/index.php?rest_route=%2Fwp%2Fv2%2Ftags&post=4077"}],"curies":[{"name":"wp","href":"https:\/\/api.w.org\/{rel}","templated":true}]}}