{"id":4073,"date":"2012-11-11T11:51:56","date_gmt":"2012-11-11T10:51:56","guid":{"rendered":"http:\/\/www.manologarciaycia.com\/?p=4073"},"modified":"2012-11-11T11:52:45","modified_gmt":"2012-11-11T10:52:45","slug":"eudlf-operacion-rescate-el-ultimo-de-la-fila","status":"publish","type":"post","link":"https:\/\/www.manologarciaycia.com\/?p=4073","title":{"rendered":"EUDLF: Operaci\u00f3n Rescate, El \u00daltimo de la Fila"},"content":{"rendered":"<p><img loading=\"lazy\" decoding=\"async\" class=\"alignright\" src=\"http:\/\/www.efeeme.com\/wp-content\/uploads\/el-ultimo-de-la-fila-10-11-12.jpg\" alt=\"\" width=\"312\" height=\"309\" \/>\u201cEn su d\u00eda fue una revelaci\u00f3n, un choque brutal: nadie en el pop espa\u00f1ol ten\u00eda un sonido ni remotamente pr\u00f3ximo. Fueron extremadamente originales\u201d. Texto de JUAN PUCHADES publicado el 10 nov, 2012 en Efeme.com<\/p>\n<p>De acuerdo, es una obviedad rescatar el primer elep\u00e9 de El \u00daltimo de la Fila, incluso algo innecesario al tratarse de una de las obras clave en la discograf\u00eda de una de las formaciones del rock espa\u00f1ol que m\u00e1s vivas permanecen en el recuerdo. Pero, como apetece, pues vamos con ello, recordando, eso s\u00ed, que con este disco y con el siguiente no pasar\u00eda gran cosa y el que lograr\u00eda que el grupo (un d\u00fao, en realidad) comenzase a volar alto fue el tercero, un recopilatorio que agrup\u00f3 algo as\u00ed como lo m\u00e1s lucido de los dos primeros en nuevas mezclas. Lo dem\u00e1s es historia. Bonita historia, de esas de triunfos rotundos tras comenzar desde lo m\u00e1s bajo.<\/p>\n<p>Quimi Portet y Manolo Garc\u00eda hab\u00edan unido fuerzas, tras experiencias anteriores, en Los Burros, grupo que edit\u00f3 un \u00fanico disco que no tuvo mayor trascendencia pero que es algo as\u00ed como el imprescindible pr\u00f3logo a El \u00daltimo de la Fila, pues all\u00ed ya estaban, en gran medida, muchas de las formas que ser\u00edan identificables en las primeras obras de estos. Pero<strong>\u00a0la nueva propuesta ten\u00eda algo de especial y de original, quedando patente desde los primeros segundos de este trabajo, con un Manolo Garc\u00eda que hab\u00eda encontrado una nueva forma de cantar inspirada por unos aires m\u00e1s morunos que flamencos (que tambi\u00e9n) y que, cuando le ven\u00eda bien, desde\u00f1aba para interpretar con inflexiones m\u00e1s naturales y pop<\/strong>. De todo ello da cuenta \u2018Dulces sue\u00f1os\u2019, el intenso tema con el que comienza el \u00e1lbum y que es como un cat\u00e1logo de los materiales que iba a emplear El \u00daltimo de la la Fila, incluyendo esa singular manera de enhebrar melod\u00edas fragmentarias que, como en un collage sonoro, son unidas dando lugar a cambios constantes de r\u00edtmica y t\u00edmbrica en una misma canci\u00f3n. Lo que hac\u00eda del d\u00fao un caso tremendamente sorprendente. Tambi\u00e9n est\u00e1n las guitarras (el\u00e9ctricas y ac\u00fasticas) de Portet que, herederas del rock de los setenta pero puestas al d\u00eda, resultaron esenciales para configurar m\u00e1s se\u00f1as de identidad. Y tras tan gran canci\u00f3n, llega \u2018A cualquiera puede sucederle\u2019, un corte experimental, porque, aunque hoy cueste reconocerlo, El \u00daltimo de la Fila fue un grupo innovador, ubicado en la frontera de lo popular y la vanguardia.<\/p>\n<p><\/p>\n<p>Deliciosas son \u2018El monte de las \u00c1guilas\u2019 (de clara melod\u00eda pop y letra evocadora de paisajes campestres) y \u2018El loco de la calle\u2019, esta \u00faltima es una pieza de ingenio colorista aflamencado, con m\u00fasica de Portet y feliz letra de Garc\u00eda: \u201cY sola, s\u00e9 que no puede estar, \/ y ahora s\u00e9 que se perder\u00e1. \/ Y al final, solo envidia y ambici\u00f3n, \/ y ya s\u00e9 que sin buscar no encontrar\u00e9. \/ Paso al loco de la calle, \/ paso al ansia de vivir\u201d. Y eso transmit\u00edan estas canciones ansia de vivir.<\/p>\n<p>El mayor punto de contacto con la est\u00e9tica del anterior grupo de la pareja, Los Burros, lo ofrece la titular \u2018Cuando la pobreza entra por la puerta, el amor salta por la ventana\u2019, feroz retrato de la vida humana bajo la ley de la propiedad horizontal. En ella, los cambios estructurales son constantes. \u2018\u00bfHay alguien ah\u00ed?\u2019 parte del funk, como \u2018Otra vez en casa\u2019 (gran canci\u00f3n antimilitarista), mientras que \u2018No hay dinero para los chicos\u2019 resulta inclasificable, pero con una letra muy directa: \u201cSe comercia con las banderas \/ y con la necesidad, \/ vienen cuando no los esperas, \/ dirigentes no faltar\u00e1n. \/ Te dicen t\u00fa tranquilo, todo se arreglar\u00e1. \/ Utilizan tu destino\u201d. Vamos, como para cantarla hoy mismo. Por su lado, \u2018Son cuatro d\u00edas\u2019 es un tema de enorme plasticidad y hermosura en el que destacan las pinceladas flamencas de la voz de Garc\u00eda, adem\u00e1s de toques jazz\u00edsticos en la introducci\u00f3n que dan paso a una canci\u00f3n que es una fotograf\u00eda nocturna y callejera.<\/p>\n<p>Para el final, he querido dejar el diamante del disco (originalmente abr\u00eda la cara B), y una de las mejores canciones de la historia del pop espa\u00f1ol: \u2018Querida Milagros\u2019, escrita por Quimi Portet antes de que descubriera que era un surrealista cachondo al que le apetec\u00eda cubrirse los rizos con \u201cbarretina\u201d. Una l\u00facida canci\u00f3n (planteada como una carta encontrada en el cad\u00e1ver de un soldado ca\u00eddo) abiertamente antimilitarista y que ser\u00eda como un peque\u00f1o himno (\u00edntimo y personal) para quienes, en aquellos a\u00f1os de felipismo racional, nos declaramos objetores de conciencia en contra del sentido com\u00fan y de las leyes (lejos de las leyes de los hombres, se podr\u00eda decir, citando un tema posterior del d\u00fao): \u201cPor ahora la suerte me ha sonre\u00eddo; \/ necesito verte, aqu\u00ed no hay amigos. \/ No estar\u00eda de m\u00e1s que alguien me explicara, \/ qu\u00e9 tiene esto que ver contigo y conmigo\u201d. Uno de esos temas que, lo escuches cuando lo escuches, siempre te remueve por dentro.<\/p>\n<p>Si lo pienso bien, el segundo disco de El \u00daltimo de la Fila, \u201cEnemigos de lo ajeno\u201d (1986), les qued\u00f3 mucho m\u00e1s redondo y compacto, pero\u00a0<strong>\u201cCuando la pobreza entra por la puerta, el amor salta por la ventana\u201d en su d\u00eda fue una revelaci\u00f3n, un choque brutal: nadie en el pop espa\u00f1ol ten\u00eda un sonido ni remotamente pr\u00f3ximo.<\/strong>\u00a0Fueron extremadamente originales, lo que resulta ir\u00f3nico si tenemos en cuenta que en la segunda parte de su carrera, su caracter\u00edstica m\u00e1s evidente fue la sobreexplotaci\u00f3n de la misma f\u00f3rmula hasta la saciedad. Pero, ay, aquellos primeros discos son tesoros.<\/p>\n<p><iframe loading=\"lazy\" src=\"http:\/\/www.youtube.com\/embed\/-n-N2SR-g_Q\" frameborder=\"0\" width=\"480\" height=\"360\"><\/iframe><\/p>\n<p><iframe loading=\"lazy\" src=\"http:\/\/www.youtube.com\/embed\/UaQ7et-BOng\" frameborder=\"0\" width=\"480\" height=\"360\"><\/iframe><\/p>\n<p><iframe loading=\"lazy\" src=\"http:\/\/www.youtube.com\/embed\/GXjSO3FDRvk\" frameborder=\"0\" width=\"480\" height=\"360\"><\/iframe><\/p>\n<p><iframe loading=\"lazy\" src=\"http:\/\/www.youtube.com\/embed\/Up3KLve-8BY\" frameborder=\"0\" width=\"480\" height=\"360\"><\/iframe><\/p>\n<p>&nbsp;<\/p>\n<p>Fuente: Efeme.com &#8211; Juan Puchades &#8211; <a href=\"http:\/\/www.efeeme.com\/operacion-rescate-el-ultimo-de-la-fila\/\" target=\"_blank\">ENLACE<\/a><\/p>\n","protected":false},"excerpt":{"rendered":"<p>\u201cEn su d\u00eda fue una revelaci\u00f3n, un choque brutal: nadie en el pop espa\u00f1ol ten\u00eda un sonido ni remotamente pr\u00f3ximo. Fueron extremadamente originales\u201d. Texto de JUAN PUCHADES publicado el 10 nov, 2012 en Efeme.com De acuerdo, es una obviedad rescatar el primer elep\u00e9 de El \u00daltimo de la Fila, incluso algo innecesario al tratarse de<a class=\"moretag\" href=\"https:\/\/www.manologarciaycia.com\/?p=4073\" title=\"EUDLF: Operaci\u00f3n Rescate, El \u00daltimo de la Fila\" target=\"_self\" rel=\"follow\"> <font face=arial size=2>[Leer m\u00e1s]<\/font> <\/a><\/p>\n","protected":false},"author":2,"featured_media":0,"comment_status":"closed","ping_status":"closed","sticky":false,"template":"","format":"standard","meta":{"footnotes":""},"categories":[3,1,9],"tags":[],"class_list":["post-4073","post","type-post","status-publish","format-standard","hentry","category-el-ultimo-de-la-fila","category-manolo-garcia","category-qumi-portet"],"_links":{"self":[{"href":"https:\/\/www.manologarciaycia.com\/index.php?rest_route=\/wp\/v2\/posts\/4073","targetHints":{"allow":["GET"]}}],"collection":[{"href":"https:\/\/www.manologarciaycia.com\/index.php?rest_route=\/wp\/v2\/posts"}],"about":[{"href":"https:\/\/www.manologarciaycia.com\/index.php?rest_route=\/wp\/v2\/types\/post"}],"author":[{"embeddable":true,"href":"https:\/\/www.manologarciaycia.com\/index.php?rest_route=\/wp\/v2\/users\/2"}],"replies":[{"embeddable":true,"href":"https:\/\/www.manologarciaycia.com\/index.php?rest_route=%2Fwp%2Fv2%2Fcomments&post=4073"}],"version-history":[{"count":2,"href":"https:\/\/www.manologarciaycia.com\/index.php?rest_route=\/wp\/v2\/posts\/4073\/revisions"}],"predecessor-version":[{"id":4075,"href":"https:\/\/www.manologarciaycia.com\/index.php?rest_route=\/wp\/v2\/posts\/4073\/revisions\/4075"}],"wp:attachment":[{"href":"https:\/\/www.manologarciaycia.com\/index.php?rest_route=%2Fwp%2Fv2%2Fmedia&parent=4073"}],"wp:term":[{"taxonomy":"category","embeddable":true,"href":"https:\/\/www.manologarciaycia.com\/index.php?rest_route=%2Fwp%2Fv2%2Fcategories&post=4073"},{"taxonomy":"post_tag","embeddable":true,"href":"https:\/\/www.manologarciaycia.com\/index.php?rest_route=%2Fwp%2Fv2%2Ftags&post=4073"}],"curies":[{"name":"wp","href":"https:\/\/api.w.org\/{rel}","templated":true}]}}