{"id":4071,"date":"2012-11-11T11:49:25","date_gmt":"2012-11-11T10:49:25","guid":{"rendered":"http:\/\/www.manologarciaycia.com\/?p=4071"},"modified":"2012-11-11T11:49:25","modified_gmt":"2012-11-11T10:49:25","slug":"mg-intacto-invicto-concierto-de-manolo-garcia-pamplona","status":"publish","type":"post","link":"https:\/\/www.manologarciaycia.com\/?p=4071","title":{"rendered":"MG: Intacto, invicto concierto de Manolo Garc\u00eda (Pamplona)"},"content":{"rendered":"<p>En loor de multitudes una vez m\u00e1s; he aqu\u00ed c\u00f3mo se consum\u00f3 el en\u00e9simo paso del legendario Manolo Garc\u00eda por Iru\u00f1ea, llenando Baluarte hasta la bandera y protagonizando un concierto que, tal y como lo defini\u00f3 en su recta final, se tradujo en lo siguiente: en un cat\u00e1rtico intercambio de sensaciones y emociones.<\/p>\n<p>Construido el repertorio sobre canciones de todas sus \u00e9pocas art\u00edsticas, la velada, de manera sorprendente, arranc\u00f3 con la interpretaci\u00f3n de tres temas en formato ac\u00fastico, con el artista, secundado \u00fanicamente por el teclista, brindando para empezar el primer tema que grab\u00f3 en 1980 al frente de Los R\u00e1pidos, Navaja de papel, sonando acto seguido (ya con cinco de sus m\u00fasicos a su alrededor) La sombra de una palmera, de Arena en los bolsillos (CD con importante protagonismo dicha noche) y Aviones plateados, primero de El \u00daltimo de la Fila en hacerlo y en ser cantado por los presentes. <\/p>\n<p>Y acto seguido, tras calentar motores de dicha forma; despu\u00e9s de agradecer sentidamente su presencia a todos, comenz\u00f3 el torbellino musical propiamente dicho, sonando como primer bot\u00f3n de los nuevos Un alma de papel, dentro de un repertorio seleccionado de forma realmente detallista; de un conjunto de canciones facturadas por la banda sin reparar en medios sonoros para ello entre las que destacaron Malva, A veces se enciende (de El \u00daltimo\u2026, cantada al tiempo que estrechaba manos entre las butacas, en una primera incursi\u00f3n por la sala) o las igualmente de estreno Compasi\u00f3n y silencio, La sombra de la sombra de tu sombrero o Estoy alegre, viviendo el cantante plenamente sobre el escenario, bajo una envolvente y espectacular ambientaci\u00f3n luminot\u00e9cnica -que en todo momento sugiri\u00f3 y busc\u00f3 complicidad- todos y cada uno de las canciones que cant\u00f3; recorriendo constantemente el entarimado de un lado a otro bailando, gesticulando y transmitiendo como solo \u00e9l sabe hacer; bueno, y saliendo tambi\u00e9n del escenario, llegando la an\u00e9cdota de la noche durante la interpretaci\u00f3n entre el p\u00fablico de Nunca el tiempo es perdido: y es que, tras posicionarse contra los recortes en educaci\u00f3n, cultura o sanidad, tras manifestar que saludaba a quienes se oponen a los mismos, a la que estrech\u00f3 la mano entre otras personas, curiosamente, fue a Yolanda Barcina\u2026<\/p>\n<p>Y as\u00ed transcurri\u00f3 el concierto; de manera incontestable -se mire por donde se mire-, rematado en primer lugar por los hits Somos levedad y A San Fernando (con buena parte de los presentes en pie, cantando y bailando) y, ya en los bises; en la \u00a1hora! de bises brindada, por temas de Arena en los bolsillos y Los d\u00edas intactos sonando mano a mano -en una primera tanda- y, en la segunda, retomando finalmente los derroteros ac\u00fasticos testigos del inicio del concierto, con cl\u00e1sicos como Insurrecci\u00f3n o P\u00e1jaros de barro, antes de cerrar definitivamente en medio de un ambiente inmejorable con una ranchera. Y es que claro, Garc\u00eda se meti\u00f3 de tal forma al respetable en el bolsillo\u2026 \u00a1que casi no se lo pudo sacar! Un Manolo Garc\u00eda que, s\u00faper din\u00e1mico y vitalista, lejos de jaula alguna (como las que se pudieron ver al borde del escenario), sobrevol\u00f3 Iru\u00f1ea cual p\u00e1jaro poco amante de reja alguna, derrochando arte y libertad, tras a\u00f1os atrapando sue\u00f1os y dibujando canciones con ellos. Demostrando seguir intacto. Invicto, una vez m\u00e1s.<\/p>\n<p>Fecha: Mi\u00e9rcoles, 31 de octubre. Lugar: aAuditorio Baluarte, Iru\u00f1ea. Int\u00e9rpretes: Manolo Garc\u00eda, a la voz y a la guitarra y a las percusiones (ocasionalmente), acompa\u00f1ado por Juan Carlos, a las percusiones; Charly, a la bater\u00eda; I\u00f1igo, al bajo; Albert y Ricardo, a las guitarras el\u00e9ctricas; V\u00edctor, a las guitarras ac\u00fastica y espa\u00f1ola, y Nacho, a los teclados y a la acorde\u00f3n. Adem\u00e1s se cont\u00f3 con la bailarina Marta Fern\u00e1ndez. Incidencias: Presentaci\u00f3n del CD &#8216;Los d\u00edas intactos&#8217;; 2 horas y \u00bd de duraci\u00f3n, dos sesiones de bises incluidas. Lleno, localidades agotadas, p\u00fablico de ambos sexos y diferentes edades que se mostr\u00f3 entregado.<\/p>\n<p>Fuente: Noticias de Navarra &#8211; Oscar Beorlegui &#8211; <a href='http:\/\/www.noticiasdenavarra.com\/2012\/11\/10\/ocio-y-cultura\/cultura\/intacto-invicto-concierto-de-manolo-garcia?pestana=Fotos' target=_new>Enlace<\/a><\/p>\n","protected":false},"excerpt":{"rendered":"<p>En loor de multitudes una vez m\u00e1s; he aqu\u00ed c\u00f3mo se consum\u00f3 el en\u00e9simo paso del legendario Manolo Garc\u00eda por Iru\u00f1ea, llenando Baluarte hasta la bandera y protagonizando un concierto que, tal y como lo defini\u00f3 en su recta final, se tradujo en lo siguiente: en un cat\u00e1rtico intercambio de sensaciones y emociones. Construido el<a class=\"moretag\" href=\"https:\/\/www.manologarciaycia.com\/?p=4071\" title=\"MG: Intacto, invicto concierto de Manolo Garc\u00eda (Pamplona)\" target=\"_self\" rel=\"follow\"> <font face=arial size=2>[Leer m\u00e1s]<\/font> <\/a><\/p>\n","protected":false},"author":2,"featured_media":0,"comment_status":"closed","ping_status":"closed","sticky":false,"template":"","format":"standard","meta":{"footnotes":""},"categories":[1],"tags":[],"class_list":["post-4071","post","type-post","status-publish","format-standard","hentry","category-manolo-garcia"],"_links":{"self":[{"href":"https:\/\/www.manologarciaycia.com\/index.php?rest_route=\/wp\/v2\/posts\/4071","targetHints":{"allow":["GET"]}}],"collection":[{"href":"https:\/\/www.manologarciaycia.com\/index.php?rest_route=\/wp\/v2\/posts"}],"about":[{"href":"https:\/\/www.manologarciaycia.com\/index.php?rest_route=\/wp\/v2\/types\/post"}],"author":[{"embeddable":true,"href":"https:\/\/www.manologarciaycia.com\/index.php?rest_route=\/wp\/v2\/users\/2"}],"replies":[{"embeddable":true,"href":"https:\/\/www.manologarciaycia.com\/index.php?rest_route=%2Fwp%2Fv2%2Fcomments&post=4071"}],"version-history":[{"count":1,"href":"https:\/\/www.manologarciaycia.com\/index.php?rest_route=\/wp\/v2\/posts\/4071\/revisions"}],"predecessor-version":[{"id":4072,"href":"https:\/\/www.manologarciaycia.com\/index.php?rest_route=\/wp\/v2\/posts\/4071\/revisions\/4072"}],"wp:attachment":[{"href":"https:\/\/www.manologarciaycia.com\/index.php?rest_route=%2Fwp%2Fv2%2Fmedia&parent=4071"}],"wp:term":[{"taxonomy":"category","embeddable":true,"href":"https:\/\/www.manologarciaycia.com\/index.php?rest_route=%2Fwp%2Fv2%2Fcategories&post=4071"},{"taxonomy":"post_tag","embeddable":true,"href":"https:\/\/www.manologarciaycia.com\/index.php?rest_route=%2Fwp%2Fv2%2Ftags&post=4071"}],"curies":[{"name":"wp","href":"https:\/\/api.w.org\/{rel}","templated":true}]}}