{"id":4065,"date":"2012-11-10T08:17:45","date_gmt":"2012-11-10T07:17:45","guid":{"rendered":"http:\/\/www.manologarciaycia.com\/?p=4065"},"modified":"2012-11-10T08:20:42","modified_gmt":"2012-11-10T07:20:42","slug":"mg-es-basico-no-perder-el-nexo-con-la-calle","status":"publish","type":"post","link":"https:\/\/www.manologarciaycia.com\/?p=4065","title":{"rendered":"MG: \u00abEs basico no perder el nexo con la calle\u00bb"},"content":{"rendered":"<p>Manolo Garc\u00eda M\u00fasico El cantante presentar\u00e1 en directo su m\u00e1s reciente \u00e1lbum, \u2018Los d\u00edas intactos\u2019, el pr\u00f3ximo d\u00eda 30 en el Iradier Arena.<\/p>\n<p>Manolo Garc\u00eda no est\u00e1 en las redes sociales. Es uno de los pocos m\u00fasicos que ha vivido a\u00f1os dorados del negocio y a\u00fan cuenta con el apoyo de una discogr\u00e1fica y de un p\u00fablico que ha hecho de su m\u00e1s reciente trabajo un triple disco de platino. Sus conciertos se llenan de aficionados, como los que aguardan al exvocalista de El \u00daltimo de la Fila de cara al pr\u00f3ximo d\u00eda 30 en el Iradier Arena de Vitoria.<\/p>\n<p><span style=\"text-decoration: underline;\"><strong>Extracto de la entrevista:<\/strong><\/span><\/p>\n<p><strong>\u2013 Hablemos un poco de d\u00edas intactos. \u00bfCu\u00e1ntos le quedan tras sacar un disco y llevar las canciones por los escenarios?<\/strong><br \/>\n<em>\u2013 La intenci\u00f3n es que todo est\u00e9 siempre intacto, no perder esa patria que fue la infancia, donde todo era tan m\u00e1gico. Eso, como todos sabemos, empieza a enturbiarse r\u00e1pidamente. Pero en la vida de quien desempe\u00f1a una actividad cultural hay unos momentos de enso\u00f1aci\u00f3n \u2013que pueden ser instantes o pueden ser horas\u2013 donde, gracias a la tarea que uno emprende, va recuperando un poco por momentos esa nitidez de verlo todo tras ese cristal de enso\u00f1aci\u00f3n. A partir de ah\u00ed, todo est\u00e1 intacto: depende de lo que t\u00fa seas capaz de mantenerlo. Es una intenci\u00f3n, una prueba a la que te expones cada ma\u00f1ana. Puedes empezar el d\u00eda de una manera m\u00e1s turbia y gris o puedes pensar \u2018voy a componer\u2019, \u2018voy a pintar\u2019 o trabajar en lo que tenga que hacer. Y acometer esa tarea con una buena predisposici\u00f3n, con un limpiaparabrisas para las neblinas del amanecer.<\/em><\/p>\n<p><strong>\u2013 Su trabajo tiene dos lados, el de componer, pintar o escribir y el de exponer o actuar para el p\u00fablico. \u00bfEs mejor alternarlos que combinarlos?<\/strong><br \/>\n<em>\u2013 Va por temporadas. Evidentemente, la energ\u00eda va menguando con el paso de los a\u00f1os y voy alternando. Hago una gira y, cuando acabo, me dedico a componer. S\u00ed es cierto que hay grietas, por donde se cuela a veces la necesidad an\u00edmica: unos acordes, una melod\u00eda, un texto, y ya tienes media canci\u00f3n. No pretend\u00edas ponerte a componer, pero te apetec\u00eda en esa tarde que ten\u00edas medio libre. Pero cuando estoy de gira centro todo el esfuerzo en ella. Para m\u00ed, lo m\u00e1s importante es no perder de vista la calle, la vida a ras de suelo. Creo que aislarse no es bueno.<\/em><\/p>\n<p>Fuente: El Correo \u00c1lava &#8211; Natxo Artundo<\/p>\n","protected":false},"excerpt":{"rendered":"<p>Manolo Garc\u00eda M\u00fasico El cantante presentar\u00e1 en directo su m\u00e1s reciente \u00e1lbum, \u2018Los d\u00edas intactos\u2019, el pr\u00f3ximo d\u00eda 30 en el Iradier Arena. Manolo Garc\u00eda no est\u00e1 en las redes sociales. Es uno de los pocos m\u00fasicos que ha vivido a\u00f1os dorados del negocio y a\u00fan cuenta con el apoyo de una discogr\u00e1fica y de<a class=\"moretag\" href=\"https:\/\/www.manologarciaycia.com\/?p=4065\" title=\"MG: \u00abEs basico no perder el nexo con la calle\u00bb\" target=\"_self\" rel=\"follow\"> <font face=arial size=2>[Leer m\u00e1s]<\/font> <\/a><\/p>\n","protected":false},"author":2,"featured_media":0,"comment_status":"closed","ping_status":"closed","sticky":false,"template":"","format":"standard","meta":{"footnotes":""},"categories":[1],"tags":[],"class_list":["post-4065","post","type-post","status-publish","format-standard","hentry","category-manolo-garcia"],"_links":{"self":[{"href":"https:\/\/www.manologarciaycia.com\/index.php?rest_route=\/wp\/v2\/posts\/4065","targetHints":{"allow":["GET"]}}],"collection":[{"href":"https:\/\/www.manologarciaycia.com\/index.php?rest_route=\/wp\/v2\/posts"}],"about":[{"href":"https:\/\/www.manologarciaycia.com\/index.php?rest_route=\/wp\/v2\/types\/post"}],"author":[{"embeddable":true,"href":"https:\/\/www.manologarciaycia.com\/index.php?rest_route=\/wp\/v2\/users\/2"}],"replies":[{"embeddable":true,"href":"https:\/\/www.manologarciaycia.com\/index.php?rest_route=%2Fwp%2Fv2%2Fcomments&post=4065"}],"version-history":[{"count":5,"href":"https:\/\/www.manologarciaycia.com\/index.php?rest_route=\/wp\/v2\/posts\/4065\/revisions"}],"predecessor-version":[{"id":4070,"href":"https:\/\/www.manologarciaycia.com\/index.php?rest_route=\/wp\/v2\/posts\/4065\/revisions\/4070"}],"wp:attachment":[{"href":"https:\/\/www.manologarciaycia.com\/index.php?rest_route=%2Fwp%2Fv2%2Fmedia&parent=4065"}],"wp:term":[{"taxonomy":"category","embeddable":true,"href":"https:\/\/www.manologarciaycia.com\/index.php?rest_route=%2Fwp%2Fv2%2Fcategories&post=4065"},{"taxonomy":"post_tag","embeddable":true,"href":"https:\/\/www.manologarciaycia.com\/index.php?rest_route=%2Fwp%2Fv2%2Ftags&post=4065"}],"curies":[{"name":"wp","href":"https:\/\/api.w.org\/{rel}","templated":true}]}}