{"id":4062,"date":"2012-11-10T08:12:24","date_gmt":"2012-11-10T07:12:24","guid":{"rendered":"http:\/\/www.manologarciaycia.com\/?p=4062"},"modified":"2012-11-10T08:12:24","modified_gmt":"2012-11-10T07:12:24","slug":"mg-manolo-garcia-en-burjassot","status":"publish","type":"post","link":"https:\/\/www.manologarciaycia.com\/?p=4062","title":{"rendered":"MG: Manolo Garcia, en Burjassot"},"content":{"rendered":"<p><img loading=\"lazy\" decoding=\"async\" class=\"alignleft\" src=\"http:\/\/fotos02.levante-emv.com\/fotos\/noticias\/646x260\/2012-11-08_IMG_2012-11-08_18:30:37_manologarcia.jpg\" alt=\"\" width=\"388\" height=\"224\" \/> La localidad valenciana de Burjassot acoger\u00e1 este s\u00e1bado, d\u00eda 10, el concierto que Manolo Garc\u00eda tuvo que aplazar el pasado mes de septiembre en este municipio como consecuencia de una lumbalgia, seg\u00fan ha informado la productora en un comunicado. El concierto tendr\u00e1 lugar en el Auditorio Municipal. Desde la productora han recordado que las entradas de la primera fecha &#8211;septiembre&#8211; son igualmente v\u00e1lidas y que, a pesar de que \u00e9stas est\u00e1n agotadas hace semanas, el d\u00eda del concierto se abrir\u00e1 taquilla a las 18.00 horas y se pondr\u00e1n a la venta 150 entradas m\u00e1s, es decir, el cinco por ciento del aforo, tal y como estipula la normativa.<\/p>\n<p>Este concierto en Burjassot forma parte de la gira de teatros y auditorios del \u00faltimo trabajo del cantante, titulado &#8216;Los d\u00edas intactos&#8217;, que ha permanecido tres semanas consecutivas en el n\u00famero 1 de la lista de los m\u00e1s vendidos en Espa\u00f1a y es Triple Disco de Platino. La gira est\u00e1 teniendo una acogida \u00abmagn\u00edfica\u00bb, agotando entradas en el 95 por ciento de sus fechas. Han destacado especialmente sus seis d\u00edas en el Palacio Municipal de Congresos del Campo de las Naciones de Madrid el pasado mes de abril, y otros seis en Barcelona, con las entradas agotadas para todos ellos con muchos meses de antelaci\u00f3n. La gira comenz\u00f3 en Roquetas (Almer\u00eda) el pasado mes de febrero y tocar\u00e1 su fin el pr\u00f3ximo mes de diciembre en Madrid. Con m\u00e1s de 50 conciertos, la Gira Teatral de Manolo Garc\u00eda habr\u00e1 sido este a\u00f1o tambi\u00e9n la m\u00e1s larga.<\/p>\n<p>Fuente: \u00a0Las Provincias &#8211; <a href=\"http:\/\/www.levante-emv.com\/ocio\/2012\/11\/08\/manolo-garcia-burjassot\/950357.html\" target=\"_blank\">ENLACE<\/a><\/p>\n","protected":false},"excerpt":{"rendered":"<p>La localidad valenciana de Burjassot acoger\u00e1 este s\u00e1bado, d\u00eda 10, el concierto que Manolo Garc\u00eda tuvo que aplazar el pasado mes de septiembre en este municipio como consecuencia de una lumbalgia, seg\u00fan ha informado la productora en un comunicado. El concierto tendr\u00e1 lugar en el Auditorio Municipal. Desde la productora han recordado que las entradas<a class=\"moretag\" href=\"https:\/\/www.manologarciaycia.com\/?p=4062\" title=\"MG: Manolo Garcia, en Burjassot\" target=\"_self\" rel=\"follow\"> <font face=arial size=2>[Leer m\u00e1s]<\/font> <\/a><\/p>\n","protected":false},"author":2,"featured_media":0,"comment_status":"closed","ping_status":"closed","sticky":false,"template":"","format":"standard","meta":{"footnotes":""},"categories":[1],"tags":[],"class_list":["post-4062","post","type-post","status-publish","format-standard","hentry","category-manolo-garcia"],"_links":{"self":[{"href":"https:\/\/www.manologarciaycia.com\/index.php?rest_route=\/wp\/v2\/posts\/4062","targetHints":{"allow":["GET"]}}],"collection":[{"href":"https:\/\/www.manologarciaycia.com\/index.php?rest_route=\/wp\/v2\/posts"}],"about":[{"href":"https:\/\/www.manologarciaycia.com\/index.php?rest_route=\/wp\/v2\/types\/post"}],"author":[{"embeddable":true,"href":"https:\/\/www.manologarciaycia.com\/index.php?rest_route=\/wp\/v2\/users\/2"}],"replies":[{"embeddable":true,"href":"https:\/\/www.manologarciaycia.com\/index.php?rest_route=%2Fwp%2Fv2%2Fcomments&post=4062"}],"version-history":[{"count":1,"href":"https:\/\/www.manologarciaycia.com\/index.php?rest_route=\/wp\/v2\/posts\/4062\/revisions"}],"predecessor-version":[{"id":4063,"href":"https:\/\/www.manologarciaycia.com\/index.php?rest_route=\/wp\/v2\/posts\/4062\/revisions\/4063"}],"wp:attachment":[{"href":"https:\/\/www.manologarciaycia.com\/index.php?rest_route=%2Fwp%2Fv2%2Fmedia&parent=4062"}],"wp:term":[{"taxonomy":"category","embeddable":true,"href":"https:\/\/www.manologarciaycia.com\/index.php?rest_route=%2Fwp%2Fv2%2Fcategories&post=4062"},{"taxonomy":"post_tag","embeddable":true,"href":"https:\/\/www.manologarciaycia.com\/index.php?rest_route=%2Fwp%2Fv2%2Ftags&post=4062"}],"curies":[{"name":"wp","href":"https:\/\/api.w.org\/{rel}","templated":true}]}}