{"id":4060,"date":"2012-11-10T08:10:40","date_gmt":"2012-11-10T07:10:40","guid":{"rendered":"http:\/\/www.manologarciaycia.com\/?p=4060"},"modified":"2012-11-10T08:10:40","modified_gmt":"2012-11-10T07:10:40","slug":"mg-manolo-garcia-agota-entradas-en-burjassot","status":"publish","type":"post","link":"https:\/\/www.manologarciaycia.com\/?p=4060","title":{"rendered":"MG: Manolo Garcia agota entradas en Burjassot"},"content":{"rendered":"<p>La tarde del s\u00e1bado se pondr\u00e1n a la venta las \u00faltimas 150 entradas para ver al cantante en la gira por teatros y auditorios para promocionar su \u00faltimo dismo &#8216;Los d\u00edas intactos&#8217;. Manolo Garc\u00eda actuar\u00e1 por fin el pr\u00f3ximo sa\u00b4bado 10 en Burjassot, despu\u00e9s de haber tenido que aplazar su cita con el p\u00fabico valenciano el pasado mes de septiembre. Las entradas para el concierto que se celebrar\u00e1 en el Auditorio Municipal de Burjassot est\u00e1n agotadas desde hace semanas, pero la misma tarde del concierto podr\u00e1n conseguirse las \u00faltimas 150 localidades para ver al artista en directo.<\/p>\n<p>Este concierto en Burjassot forma parte de la gira de teatros y auditorios de su \u00faltimo trabajo titulado Los d\u00edas intactos, que ha permanecido tres semanas consecutivas en el n\u00ba1 de la lista de los m\u00e1s vendidos en Espa\u00f1a y es Triple Disco de Platino. La gira est\u00e1 teniendo una acogida magn\u00edfica, destacando especialmente sus seis d\u00edas en el Palacio Municipal de Congresos del Campo de las Naciones de Madrid el pasado mes de abril y otros seis en Barcelona, con las entradas agotadas para todos ellos con muchos meses de antelaci\u00f3n y menci\u00f3n especial al ofrecido en el Palau de la M\u00fasica, que agot\u00f3 entradas en menos de media hora. La gira comenz\u00f3 en Roquetas (Almer\u00eda) el pasado mes de febrero y tocar\u00e1 su fin el pr\u00f3ximo mes de diciembre en Madrid. Con m\u00e1s de cincuenta conciertos, la Gira Teatral de Manolo Garc\u00eda habr\u00e1 sido este a\u00f1o tambi\u00e9n la m\u00e1s larga.<\/p>\n<p>Fuente: Las Provincias &#8211; <a href=\"http:\/\/www.levante-emv.com\/cultura\/2012\/11\/09\/manolo-garcia-agota-entradas-burjassot\/950729.html?utm_medium=rss\" target=\"_blank\">ENLACE<\/a><\/p>\n","protected":false},"excerpt":{"rendered":"<p>La tarde del s\u00e1bado se pondr\u00e1n a la venta las \u00faltimas 150 entradas para ver al cantante en la gira por teatros y auditorios para promocionar su \u00faltimo dismo &#8216;Los d\u00edas intactos&#8217;. Manolo Garc\u00eda actuar\u00e1 por fin el pr\u00f3ximo sa\u00b4bado 10 en Burjassot, despu\u00e9s de haber tenido que aplazar su cita con el p\u00fabico valenciano<a class=\"moretag\" href=\"https:\/\/www.manologarciaycia.com\/?p=4060\" title=\"MG: Manolo Garcia agota entradas en Burjassot\" target=\"_self\" rel=\"follow\"> <font face=arial size=2>[Leer m\u00e1s]<\/font> <\/a><\/p>\n","protected":false},"author":2,"featured_media":0,"comment_status":"closed","ping_status":"closed","sticky":false,"template":"","format":"standard","meta":{"footnotes":""},"categories":[1],"tags":[],"class_list":["post-4060","post","type-post","status-publish","format-standard","hentry","category-manolo-garcia"],"_links":{"self":[{"href":"https:\/\/www.manologarciaycia.com\/index.php?rest_route=\/wp\/v2\/posts\/4060","targetHints":{"allow":["GET"]}}],"collection":[{"href":"https:\/\/www.manologarciaycia.com\/index.php?rest_route=\/wp\/v2\/posts"}],"about":[{"href":"https:\/\/www.manologarciaycia.com\/index.php?rest_route=\/wp\/v2\/types\/post"}],"author":[{"embeddable":true,"href":"https:\/\/www.manologarciaycia.com\/index.php?rest_route=\/wp\/v2\/users\/2"}],"replies":[{"embeddable":true,"href":"https:\/\/www.manologarciaycia.com\/index.php?rest_route=%2Fwp%2Fv2%2Fcomments&post=4060"}],"version-history":[{"count":1,"href":"https:\/\/www.manologarciaycia.com\/index.php?rest_route=\/wp\/v2\/posts\/4060\/revisions"}],"predecessor-version":[{"id":4061,"href":"https:\/\/www.manologarciaycia.com\/index.php?rest_route=\/wp\/v2\/posts\/4060\/revisions\/4061"}],"wp:attachment":[{"href":"https:\/\/www.manologarciaycia.com\/index.php?rest_route=%2Fwp%2Fv2%2Fmedia&parent=4060"}],"wp:term":[{"taxonomy":"category","embeddable":true,"href":"https:\/\/www.manologarciaycia.com\/index.php?rest_route=%2Fwp%2Fv2%2Fcategories&post=4060"},{"taxonomy":"post_tag","embeddable":true,"href":"https:\/\/www.manologarciaycia.com\/index.php?rest_route=%2Fwp%2Fv2%2Ftags&post=4060"}],"curies":[{"name":"wp","href":"https:\/\/api.w.org\/{rel}","templated":true}]}}