{"id":4053,"date":"2012-11-09T06:32:59","date_gmt":"2012-11-09T05:32:59","guid":{"rendered":"http:\/\/www.manologarciaycia.com\/?p=4053"},"modified":"2012-11-09T06:49:05","modified_gmt":"2012-11-09T05:49:05","slug":"mg-no-pretendi-ser-famoso-sino-musico-me-incomodan-los-halagos","status":"publish","type":"post","link":"https:\/\/www.manologarciaycia.com\/?p=4053","title":{"rendered":"MG: \u00abNo pretend\u00ed ser famoso, sino m\u00fasico. Me incomodan los halagos\u00bb"},"content":{"rendered":"<p><img loading=\"lazy\" decoding=\"async\" class=\"alignright\" src=\"http:\/\/www.lasprovincias.es\/prensa\/noticias\/201211\/09\/fotos\/9470164.jpg\" alt=\"\" width=\"240\" height=\"498\" \/> Compone, pinta, y se considera un apasionado de la literatura y la fotograf\u00eda. A los d\u00edas de Manolo Garc\u00eda le \u00abfaltan horas\u00bb para poder dedicarlas a lo que le gusta, \u00abla cultura y el arte en general\u00bb. Tanto que, dice, \u00ablos museos me los como con patatas\u00bb. Lleva m\u00e1s de tres d\u00e9cadas sobre los escenarios y seis discos en solitario. Su \u00faltimo de ellos, &#8216;Los d\u00edas intactos&#8217;, lo presentar\u00e1 en Burjassot, finalmente, este fin de semana despu\u00e9s de ser suspendido por una lumbalgia del cantante.<\/p>\n<div><strong>-Antes de empezar me gustar\u00eda preguntarle c\u00f3mo se encuentra.<\/strong><\/div>\n<div>-Ya estoy bien, gracias.<\/div>\n<div><\/div>\n<div><strong>-\u00bfRecuerda su primera entrevista?<\/strong><\/div>\n<div>-El otro d\u00eda, casualmente, record\u00e9 cuando iba a una radio en Barcelona, que ya no existe, a dar la brasa con mis cassettes de maquetas a un t\u00edo que hac\u00eda programas de rock. Ten\u00eda 18 a\u00f1os y quer\u00eda que me entrevistara a cualquier costa. Por pesado, Jos\u00e9 Mar\u00eda Pallard\u00f3, que as\u00ed se llama, me dijo: \u00abanda, el de las maquetitas, pasa que te entrevisto\u00bb. Cuatro a\u00f1os despu\u00e9s comenc\u00e9 a ir &#8216;palante&#8217;.<\/div>\n<div>\n<div><\/div>\n<div><strong>-Y desde entonces, m\u00e1s de 30 a\u00f1os en la carretera&#8230;<\/strong><\/div>\n<div>-La parte m\u00e1s tediosa son el aeropuerto, el tren, las maletas, los hoteles en los que te sientes un poco solo&#8230; La canci\u00f3n esa de Sabina de \u00abHotel dulce hotel\u00bb es mentira. Sin embargo, en los conciertos estoy fresco como una lechuga, quitando los achaques puntuales. (Risas). La m\u00fasica te vitaliza.<\/div>\n<div><\/div>\n<div><strong>-\u00bfC\u00f3mo ha cambiado la m\u00fasica en ese tiempo?<\/strong><\/div>\n<div>-Al principio el mundo de la m\u00fasica fue muy rom\u00e1ntico. Hab\u00eda pocas posibilidades de negocio pero muchas ganas. Adem\u00e1s, despu\u00e9s del r\u00e9gimen, hubo una apertura social y cultural muy fuerte. Despu\u00e9s ha habido un periodo largo de negocio, que ya se ha acabado. Ahora volvemos a las catacumbas. Es todo un desastre. El mercado est\u00e1 tan mal&#8230; Estamos en el momento de &#8216;Por amor al arte&#8217;.<\/div>\n<\/div>\n<div><\/div>\n<div><\/div>\n<div><\/div>\n<div><strong>-Siempre ha manifestado que le gusta ser libre. Sin embargo, \u00bfsu profesi\u00f3n no le hace estar atado a demasiadas cosas?<\/strong><\/div>\n<div>-Durante mis primeros discos empalm\u00e9 giras y yo, que era virgen en ese terreno, lo hac\u00eda con mucho gusto. Cuando eso comenz\u00f3 a ser una esclavitud salt\u00e9 de ese tren. Ahora yo juego con mis tiempos, no me comprometo con nadie a grabar discos, hacer giras&#8230; No hay mayor tesoro que la calma.<\/div>\n<div><\/div>\n<div><strong>-Nunca ha sido uno de esos artistas de excesos ni lujos. Es m\u00e1s, dir\u00eda que bastante normal a diferencia de otros&#8230;<\/strong><\/div>\n<div>-Seg\u00fan tu \u00e9tica y moral. Yo no pretend\u00ed ser famoso, sino m\u00fasico. Adem\u00e1s, no disfruto del halago, me siento inc\u00f3modo, porque tengo muchos defectos. La vanidad no es uno de ellos.<\/div>\n<div><\/div>\n<div><strong>-Entonces, \u00bfcu\u00e1les son?<\/strong><\/div>\n<div>-(Risas). Tengo un cat\u00e1logo de defectos. Entre ellos est\u00e1 el orgullo.<\/div>\n<div><\/div>\n<div><strong>-\u00bfRom\u00e1ntico empedernido?<\/strong><\/div>\n<div>-Hay una parte m\u00eda rom\u00e1ntica y pienso que voy un poco a la deriva en este mundo moderno. Adem\u00e1s, siempre me gusta mirar atr\u00e1s (no me interesa el futuro ni, incluso, el presente). Recuerdo mi infancia, la trilla de olivas con mis abuelos, las casas sin agua corriente&#8230; Esa parte salvaje que hemos perdido y que tiene su parte rom\u00e1ntica.<\/div>\n<div><\/div>\n<div><strong>-Intuyo, entonces, que le hubiera gustado vivir en otros tiempos&#8230;<\/strong><\/div>\n<div>-S\u00ed. En cualquier \u00e9poca donde no hubiera pl\u00e1stico, ni contaminaci\u00f3n&#8230; Donde las casas estuvieran elaboradas con materiales naturales y no hubiera vallados.<\/div>\n<div><\/div>\n<div><strong>-\u00bfNo cree en los avances tecnol\u00f3gicos?<\/strong><\/div>\n<div>-Son importantes, pero la revoluci\u00f3n industrial le ha quitado al ser humano autenticidad, humanidad&#8230;<\/div>\n<div><\/div>\n<div><strong>-\u00bfEn qui\u00e9n se reencarnar\u00eda?<\/strong><\/div>\n<div>-Uff, \u00a1En Superman!, (risas), es broma. Creo que lo har\u00eda en uno de esos santos con cara de felicidad.<\/div>\n<div><\/div>\n<div><strong>-\u00bfQu\u00e9 le hace sentir m\u00e1s libre, el pincel o la pluma?<\/strong><\/div>\n<div>-El pincel, porque estoy s\u00f3lo cuando pinto. Tengo la facultad m\u00e1s desarrollada con la pluma, las canciones me salen m\u00e1s f\u00e1ciles que los cuadros. Me cuesta m\u00e1s pintar&#8230;<\/div>\n<div><\/div>\n<div><strong>-\u00bfCu\u00e1l es el mayor miedo de un cantante?<\/strong><\/div>\n<div>-Quedarse af\u00f3nico. Todos los cantantes tenemos paranoias con las pastillas, la miel, las bufandas&#8230; Ahora, por ejemplo, estoy hablando contigo con una bufanda al cuello tan grande que parezco un tuareg.<\/div>\n<div><\/div>\n<div><strong>-El 10 de noviembre viene a Burjassot&#8230; \u00bfNos puede contar algo del concierto?<\/strong><\/div>\n<div>-Cantar\u00e9 temas de mi nuevo \u00e1lbum, lo m\u00e1s parecidas a como est\u00e1n grabadas, y de otros trabajos. Ah\u00ed me tomo peque\u00f1as licencias y cambios: alguna que otra variaci\u00f3n como darles un toque a lo Bob Dylan (risas).<\/div>\n<div><\/div>\n<div>Fuente: Las Provincias. <a href=\"http:\/\/www.lasprovincias.es\/v\/20121109\/ocio\/gps\/pretend-famoso-sino-msico-20121109.html\" target=\"_blank\">ENLACE<\/a><\/div>\n","protected":false},"excerpt":{"rendered":"<p>Compone, pinta, y se considera un apasionado de la literatura y la fotograf\u00eda. A los d\u00edas de Manolo Garc\u00eda le \u00abfaltan horas\u00bb para poder dedicarlas a lo que le gusta, \u00abla cultura y el arte en general\u00bb. Tanto que, dice, \u00ablos museos me los como con patatas\u00bb. Lleva m\u00e1s de tres d\u00e9cadas sobre los escenarios<a class=\"moretag\" href=\"https:\/\/www.manologarciaycia.com\/?p=4053\" title=\"MG: \u00abNo pretend\u00ed ser famoso, sino m\u00fasico. Me incomodan los halagos\u00bb\" target=\"_self\" rel=\"follow\"> <font face=arial size=2>[Leer m\u00e1s]<\/font> <\/a><\/p>\n","protected":false},"author":2,"featured_media":0,"comment_status":"closed","ping_status":"closed","sticky":false,"template":"","format":"standard","meta":{"footnotes":""},"categories":[1],"tags":[],"class_list":["post-4053","post","type-post","status-publish","format-standard","hentry","category-manolo-garcia"],"_links":{"self":[{"href":"https:\/\/www.manologarciaycia.com\/index.php?rest_route=\/wp\/v2\/posts\/4053","targetHints":{"allow":["GET"]}}],"collection":[{"href":"https:\/\/www.manologarciaycia.com\/index.php?rest_route=\/wp\/v2\/posts"}],"about":[{"href":"https:\/\/www.manologarciaycia.com\/index.php?rest_route=\/wp\/v2\/types\/post"}],"author":[{"embeddable":true,"href":"https:\/\/www.manologarciaycia.com\/index.php?rest_route=\/wp\/v2\/users\/2"}],"replies":[{"embeddable":true,"href":"https:\/\/www.manologarciaycia.com\/index.php?rest_route=%2Fwp%2Fv2%2Fcomments&post=4053"}],"version-history":[{"count":4,"href":"https:\/\/www.manologarciaycia.com\/index.php?rest_route=\/wp\/v2\/posts\/4053\/revisions"}],"predecessor-version":[{"id":4057,"href":"https:\/\/www.manologarciaycia.com\/index.php?rest_route=\/wp\/v2\/posts\/4053\/revisions\/4057"}],"wp:attachment":[{"href":"https:\/\/www.manologarciaycia.com\/index.php?rest_route=%2Fwp%2Fv2%2Fmedia&parent=4053"}],"wp:term":[{"taxonomy":"category","embeddable":true,"href":"https:\/\/www.manologarciaycia.com\/index.php?rest_route=%2Fwp%2Fv2%2Fcategories&post=4053"},{"taxonomy":"post_tag","embeddable":true,"href":"https:\/\/www.manologarciaycia.com\/index.php?rest_route=%2Fwp%2Fv2%2Ftags&post=4053"}],"curies":[{"name":"wp","href":"https:\/\/api.w.org\/{rel}","templated":true}]}}