{"id":4044,"date":"2012-11-06T08:45:38","date_gmt":"2012-11-06T07:45:38","guid":{"rendered":"http:\/\/www.manologarciaycia.com\/?p=4044"},"modified":"2012-11-06T08:45:38","modified_gmt":"2012-11-06T07:45:38","slug":"mg-ciudadano-manolo-garcia-opinion-andreu-buenafuente","status":"publish","type":"post","link":"https:\/\/www.manologarciaycia.com\/?p=4044","title":{"rendered":"MG: Ciudadano Manolo Garc\u00eda (opini\u00f3n, Andreu Buenafuente)"},"content":{"rendered":"<p>Nunca una persona con un nombre tan com\u00fan fue tan singular, tan \u00fanico e incomparable. He asistido hace poco a uno de sus conciertos y he confirmado lo que ya sab\u00eda: estamos ante uno de los mejores artistas de este pa\u00eds. Manolo sigue llenando en todas partes, con un p\u00fablico entregado, unos m\u00fasicos buen\u00edsimos y ese toque especial que lo hace cercano, po\u00e9tico, cr\u00edtico, contagioso y alegre.<\/p>\n<p>Cuando Manolo aparece en escena, queda muy claro en pocos minutos que va a ser nuestro m\u00e9dium. Que vamos a contactar con otro mundo, quiz\u00e1s no tan lejano, donde se imponen el sentido com\u00fan y las buenas canciones. Manolo da pocas entrevistas, pero cada vez que habla la clava. Da gusto escucharle sin imposturas, apelando a la normalidad, la libertad de las personas y el respeto por todo lo que nos rodea. Y luego se va por donde ha venido. Se va al escenario, que es donde se le ve feliz, donde hace feliz a los dem\u00e1s.<\/p>\n<p>En un momento en el que nuestra autoestima cotiza a la baja, ahora que nos quieren hacer creer que no sabemos lo que es bueno, ahora que ves a cantantes busc\u00e1ndose las lentejas en concursos o tocando de madrugada en televisi\u00f3n no se sabe muy bien para qui\u00e9n, ahora es un buen momento para reivindicar a Manolo Garc\u00eda. El hombre que hace su carrera con dignidad, calidad y sin dar su voz a torcer. Un referente.<\/p>\n<p>Opini\u00f3n de Andreu Buenafuente &#8211; Fuente: Intervi\u00fa &#8211; <a href=\"http:\/\/www.interviu.es\/opinion\/el-berenjenal\/ciudadano-manolo-garcia\" target=\"_blank\">ENLACE<\/a><\/p>\n","protected":false},"excerpt":{"rendered":"<p>Nunca una persona con un nombre tan com\u00fan fue tan singular, tan \u00fanico e incomparable. He asistido hace poco a uno de sus conciertos y he confirmado lo que ya sab\u00eda: estamos ante uno de los mejores artistas de este pa\u00eds. Manolo sigue llenando en todas partes, con un p\u00fablico entregado, unos m\u00fasicos buen\u00edsimos y<a class=\"moretag\" href=\"https:\/\/www.manologarciaycia.com\/?p=4044\" title=\"MG: Ciudadano Manolo Garc\u00eda (opini\u00f3n, Andreu Buenafuente)\" target=\"_self\" rel=\"follow\"> <font face=arial size=2>[Leer m\u00e1s]<\/font> <\/a><\/p>\n","protected":false},"author":2,"featured_media":0,"comment_status":"closed","ping_status":"closed","sticky":false,"template":"","format":"standard","meta":{"footnotes":""},"categories":[1],"tags":[],"class_list":["post-4044","post","type-post","status-publish","format-standard","hentry","category-manolo-garcia"],"_links":{"self":[{"href":"https:\/\/www.manologarciaycia.com\/index.php?rest_route=\/wp\/v2\/posts\/4044","targetHints":{"allow":["GET"]}}],"collection":[{"href":"https:\/\/www.manologarciaycia.com\/index.php?rest_route=\/wp\/v2\/posts"}],"about":[{"href":"https:\/\/www.manologarciaycia.com\/index.php?rest_route=\/wp\/v2\/types\/post"}],"author":[{"embeddable":true,"href":"https:\/\/www.manologarciaycia.com\/index.php?rest_route=\/wp\/v2\/users\/2"}],"replies":[{"embeddable":true,"href":"https:\/\/www.manologarciaycia.com\/index.php?rest_route=%2Fwp%2Fv2%2Fcomments&post=4044"}],"version-history":[{"count":2,"href":"https:\/\/www.manologarciaycia.com\/index.php?rest_route=\/wp\/v2\/posts\/4044\/revisions"}],"predecessor-version":[{"id":4046,"href":"https:\/\/www.manologarciaycia.com\/index.php?rest_route=\/wp\/v2\/posts\/4044\/revisions\/4046"}],"wp:attachment":[{"href":"https:\/\/www.manologarciaycia.com\/index.php?rest_route=%2Fwp%2Fv2%2Fmedia&parent=4044"}],"wp:term":[{"taxonomy":"category","embeddable":true,"href":"https:\/\/www.manologarciaycia.com\/index.php?rest_route=%2Fwp%2Fv2%2Fcategories&post=4044"},{"taxonomy":"post_tag","embeddable":true,"href":"https:\/\/www.manologarciaycia.com\/index.php?rest_route=%2Fwp%2Fv2%2Ftags&post=4044"}],"curies":[{"name":"wp","href":"https:\/\/api.w.org\/{rel}","templated":true}]}}