{"id":4042,"date":"2012-11-06T08:43:50","date_gmt":"2012-11-06T07:43:50","guid":{"rendered":"http:\/\/www.manologarciaycia.com\/?p=4042"},"modified":"2012-11-06T08:43:50","modified_gmt":"2012-11-06T07:43:50","slug":"mg-manolo-garcia-agota-las-entradas-para-el-segundo-concierto-de-granada","status":"publish","type":"post","link":"https:\/\/www.manologarciaycia.com\/?p=4042","title":{"rendered":"MG: Manolo Garc\u00eda agota las entradas para el segundo concierto de Granada"},"content":{"rendered":"<p>Se han agotado ya las \u00faltimas entradas para el segundo de los dos conciertos que Manolo Garc\u00eda ofrecer\u00e1 en el Palacio de Congresos de Granada los pr\u00f3ximos d\u00edas 16 y 17 de noviembre. Estos dos conciertos en Granada forman parte de la gira de teatros y auditorios de su \u00faltimo trabajo titulado Los d\u00edas intactos, que ha permanecido tres semanas consecutivas en el n\u00ba1 de la lista de los m\u00e1s vendidos en Espa\u00f1a y es Triple Disco de Platino. La gira est\u00e1 teniendo una acogida magn\u00edfica, agotando entradas en el noventa y cinco por ciento de sus fechas. Han destacado especialmente sus seis d\u00edas en el Palacio Municipal de Congresos del Campo de las Naciones de Madrid el pasado mes de abril y otros seis en Barcelona, con las entradas agotadas para todos ellos con muchos meses de antelaci\u00f3n y menci\u00f3n especial al ofrecido en el Palau de la M\u00fasica, que agot\u00f3 entradas en menos de media hora.<\/p>\n<p>La gira comenz\u00f3 en Roquetas (Almer\u00eda) el pasado mes de febrero y tocar\u00e1 su fin el pr\u00f3ximo mes de diciembre en Madrid. Con m\u00e1s de cincuenta conciertos, la Gira Teatral de Manolo Garc\u00eda habr\u00e1 sido este a\u00f1o tambi\u00e9n la m\u00e1s larga. Estos son algunos de los titulares que est\u00e1 cosechando Manolo Garc\u00eda a su paso por las ciudades espa\u00f1olas presentando su nuevo trabajo \u201cLos d\u00edas intactos\u201d en su aclamada gira de teatros y auditorios.<\/p>\n<p>Fuente: Radio Granada &#8211; <a href=\"http:\/\/www.radiogranada.es\/2012\/11\/manolo-garcia-agota-las-entradas-para-el-segundo-concierto-de-granada\/\" target=\"_blank\">ENLACE<\/a><\/p>\n","protected":false},"excerpt":{"rendered":"<p>Se han agotado ya las \u00faltimas entradas para el segundo de los dos conciertos que Manolo Garc\u00eda ofrecer\u00e1 en el Palacio de Congresos de Granada los pr\u00f3ximos d\u00edas 16 y 17 de noviembre. Estos dos conciertos en Granada forman parte de la gira de teatros y auditorios de su \u00faltimo trabajo titulado Los d\u00edas intactos,<a class=\"moretag\" href=\"https:\/\/www.manologarciaycia.com\/?p=4042\" title=\"MG: Manolo Garc\u00eda agota las entradas para el segundo concierto de Granada\" target=\"_self\" rel=\"follow\"> <font face=arial size=2>[Leer m\u00e1s]<\/font> <\/a><\/p>\n","protected":false},"author":2,"featured_media":0,"comment_status":"closed","ping_status":"closed","sticky":false,"template":"","format":"standard","meta":{"footnotes":""},"categories":[1],"tags":[],"class_list":["post-4042","post","type-post","status-publish","format-standard","hentry","category-manolo-garcia"],"_links":{"self":[{"href":"https:\/\/www.manologarciaycia.com\/index.php?rest_route=\/wp\/v2\/posts\/4042","targetHints":{"allow":["GET"]}}],"collection":[{"href":"https:\/\/www.manologarciaycia.com\/index.php?rest_route=\/wp\/v2\/posts"}],"about":[{"href":"https:\/\/www.manologarciaycia.com\/index.php?rest_route=\/wp\/v2\/types\/post"}],"author":[{"embeddable":true,"href":"https:\/\/www.manologarciaycia.com\/index.php?rest_route=\/wp\/v2\/users\/2"}],"replies":[{"embeddable":true,"href":"https:\/\/www.manologarciaycia.com\/index.php?rest_route=%2Fwp%2Fv2%2Fcomments&post=4042"}],"version-history":[{"count":1,"href":"https:\/\/www.manologarciaycia.com\/index.php?rest_route=\/wp\/v2\/posts\/4042\/revisions"}],"predecessor-version":[{"id":4043,"href":"https:\/\/www.manologarciaycia.com\/index.php?rest_route=\/wp\/v2\/posts\/4042\/revisions\/4043"}],"wp:attachment":[{"href":"https:\/\/www.manologarciaycia.com\/index.php?rest_route=%2Fwp%2Fv2%2Fmedia&parent=4042"}],"wp:term":[{"taxonomy":"category","embeddable":true,"href":"https:\/\/www.manologarciaycia.com\/index.php?rest_route=%2Fwp%2Fv2%2Fcategories&post=4042"},{"taxonomy":"post_tag","embeddable":true,"href":"https:\/\/www.manologarciaycia.com\/index.php?rest_route=%2Fwp%2Fv2%2Ftags&post=4042"}],"curies":[{"name":"wp","href":"https:\/\/api.w.org\/{rel}","templated":true}]}}