{"id":4035,"date":"2012-11-01T12:23:34","date_gmt":"2012-11-01T11:23:34","guid":{"rendered":"http:\/\/www.manologarciaycia.com\/?p=4035"},"modified":"2012-11-01T12:24:18","modified_gmt":"2012-11-01T11:24:18","slug":"mg-manolo-garcia-intacto-en-baluarte","status":"publish","type":"post","link":"https:\/\/www.manologarciaycia.com\/?p=4035","title":{"rendered":"MG: Manolo Garc\u00eda, &#8216;intacto&#8217; en Baluarte"},"content":{"rendered":"<p><img loading=\"lazy\" decoding=\"async\" alt=\"\" src=\"https:\/\/fbcdn-sphotos-b-a.akamaihd.net\/hphotos-ak-ash3\/557841_282655711837042_819560052_n.jpg\" class=\"alignleft\" width=\"384\" height=\"518\" \/> Sobre estas l\u00edneas, un momento del concierto que protagoniz\u00f3 ayer en la sala principal de Baluarte el cantante y compositor Manolo Garc\u00eda, que estas semanas afronta el final de su gira de presentaci\u00f3n del disco Los d\u00edas intactos.<\/p>\n<p>Durante la actuaci\u00f3n, el m\u00fasico catal\u00e1n desgran\u00f3 los 14 temas de este trabajo, el quinto que graba en solitario, y tambi\u00e9n realiz\u00f3 un equilibrado repaso por su extensa trayectoria, tanto como solista como de su \u00e9poca en El \u00faltimo de la fila y en otras formaciones.<\/p>\n<p>Foto: Mikel Saiz<\/p>\n","protected":false},"excerpt":{"rendered":"<p>Sobre estas l\u00edneas, un momento del concierto que protagoniz\u00f3 ayer en la sala principal de Baluarte el cantante y compositor Manolo Garc\u00eda, que estas semanas afronta el final de su gira de presentaci\u00f3n del disco Los d\u00edas intactos. Durante la actuaci\u00f3n, el m\u00fasico catal\u00e1n desgran\u00f3 los 14 temas de este trabajo, el quinto que graba<a class=\"moretag\" href=\"https:\/\/www.manologarciaycia.com\/?p=4035\" title=\"MG: Manolo Garc\u00eda, &#8216;intacto&#8217; en Baluarte\" target=\"_self\" rel=\"follow\"> <font face=arial size=2>[Leer m\u00e1s]<\/font> <\/a><\/p>\n","protected":false},"author":2,"featured_media":0,"comment_status":"closed","ping_status":"closed","sticky":false,"template":"","format":"standard","meta":{"footnotes":""},"categories":[1],"tags":[],"class_list":["post-4035","post","type-post","status-publish","format-standard","hentry","category-manolo-garcia"],"_links":{"self":[{"href":"https:\/\/www.manologarciaycia.com\/index.php?rest_route=\/wp\/v2\/posts\/4035","targetHints":{"allow":["GET"]}}],"collection":[{"href":"https:\/\/www.manologarciaycia.com\/index.php?rest_route=\/wp\/v2\/posts"}],"about":[{"href":"https:\/\/www.manologarciaycia.com\/index.php?rest_route=\/wp\/v2\/types\/post"}],"author":[{"embeddable":true,"href":"https:\/\/www.manologarciaycia.com\/index.php?rest_route=\/wp\/v2\/users\/2"}],"replies":[{"embeddable":true,"href":"https:\/\/www.manologarciaycia.com\/index.php?rest_route=%2Fwp%2Fv2%2Fcomments&post=4035"}],"version-history":[{"count":2,"href":"https:\/\/www.manologarciaycia.com\/index.php?rest_route=\/wp\/v2\/posts\/4035\/revisions"}],"predecessor-version":[{"id":4037,"href":"https:\/\/www.manologarciaycia.com\/index.php?rest_route=\/wp\/v2\/posts\/4035\/revisions\/4037"}],"wp:attachment":[{"href":"https:\/\/www.manologarciaycia.com\/index.php?rest_route=%2Fwp%2Fv2%2Fmedia&parent=4035"}],"wp:term":[{"taxonomy":"category","embeddable":true,"href":"https:\/\/www.manologarciaycia.com\/index.php?rest_route=%2Fwp%2Fv2%2Fcategories&post=4035"},{"taxonomy":"post_tag","embeddable":true,"href":"https:\/\/www.manologarciaycia.com\/index.php?rest_route=%2Fwp%2Fv2%2Ftags&post=4035"}],"curies":[{"name":"wp","href":"https:\/\/api.w.org\/{rel}","templated":true}]}}