{"id":4031,"date":"2012-10-31T15:40:10","date_gmt":"2012-10-31T14:40:10","guid":{"rendered":"http:\/\/www.manologarciaycia.com\/?p=4031"},"modified":"2012-10-31T15:41:47","modified_gmt":"2012-10-31T14:41:47","slug":"mg-manolo-garcia-cantante-musico-y-compositor-la-prioridad-para-mi-aunque-piensen-que-me-estoy-tirando-el-rollo-es-vivir-no-ganar-pasta","status":"publish","type":"post","link":"https:\/\/www.manologarciaycia.com\/?p=4031","title":{"rendered":"MG: \u00abLa prioridad para m\u00ed, aunque piensen que me estoy tirando el rollo, es vivir, no ganar pasta\u00bb"},"content":{"rendered":"<p>El auditorio Baluarte de Pamplona acoger\u00e1 esta tarde, a partir de las 20.00 horas y con las entradas agotadas, la actuaci\u00f3n de Manolo Garc\u00eda, estrella aunque no lo quiera del rock estatal y espejo, aunque tampoco lo quiera, en el que debieran mirarse las nuevas generaciones de m\u00fasicos.<\/p>\n<p><strong>Llega a la vieja Iru\u00f1a en la recta final de la gira de &#8216;Los d\u00edas intactos&#8217;. A estas alturas, \u00bfqueda alguna parte virgen, por descubrir, de este \u00e1lbum?<\/strong><\/p>\n<p>S\u00ed, alguna s\u00ed, ya que de las 14 canciones del disco estoy tocando nueve o diez&#8230; Y alguna nunca la he tocado en directo, as\u00ed que todav\u00eda permanece virgen en ese sentido. Y, por otra parte, est\u00e1 el tema de que las canciones, cuando las grabas, tienen un aire y una vida, pero luego, en directo, cogen otra dimensi\u00f3n. Es algo curioso, porque se reinventan cada noche, dependiendo de aspectos como el estado de \u00e1nimo, lo que provoca que la canci\u00f3n no est\u00e9 intacta pero s\u00ed fresca.<\/p>\n<p>\n<strong>Suele suceder en los grupos j\u00f3venes que sus letras, o incluso los t\u00edtulos de sus canciones, encierran declaraciones de intenciones o de principios. Lo extra\u00f1o o curioso es encontr\u00e1rselos en discos de artistas veteranos, como sucede en &#8216;Los d\u00edas intactos&#8217; con canciones como &#8216;Lo quiero todo&#8217; o &#8216;Cabalgar hasta la eternidad&#8217;.<\/strong><\/p>\n<p>Tiene una explicaci\u00f3n muy sencilla: ya que no voy siendo tan joven, pues intento ser jovial (risas). Es ir un poco a la desesperada, pero a veces, con un par de cervezas, buena compa\u00f1\u00eda y unas buenas canciones puedes llegar a enga\u00f1arte a ti mismo (risas).<\/p>\n<p><strong>Manolo Garc\u00eda nunca ha vendido canciones para publicidad, no cede temas a musicales, le repate\u00f3 que le versionaran en &#8216;Operaci\u00f3n Triunfo&#8217; y no permite que se desmonten los \u00e1lbumes para hacer un grandes \u00e9xitos&#8230; \u00bfHasta cuando los m\u00fasicos, los rockeros, van a poder mantener esta dignidad visto como est\u00e1 el patio?<\/strong><\/p>\n<p>Es dif\u00edcil, muy dif\u00edcil, porque contra tu propia voluntad o tu \u00e9tica personal, hoy en d\u00eda, el tema de la tecnolog\u00eda nos ha ganado la mano, ya que, aunque t\u00fa no lo quieras, aparecen facebooks o youtubes donde hay alguien poniendo anuncios con una m\u00fasica tuya de fondo. Es algo para lo que yo no he dado permiso, pero apareces cantando en un anuncio de relojes o, como en un concierto el otro d\u00eda en Zaragoza o Vitoria, donde anunciaban una marca de gaseosas o yo qu\u00e9 se&#8230; Es algo dif\u00edcil, pero tu postura siempre la puedes defender y dejar clara, aunque al final sea agotador, ya que, realmente, te pasas la vida desmintiendo acciones o comunicados. Es complicado, pero si quieres, y aunque te cueste las 24 horas del d\u00eda, puedes defender tu postura y debes hacerlo si as\u00ed lo sientes. Yo tengo mi \u00e9tica, que no creo que sea mejor que la de nadie, solo es la m\u00eda, pero la defiendo a capa y espada. Ahora mismo, por ejemplo, me han pedido hacer una celebraci\u00f3n del disco Arena en los bolsillos, porque se cumpl\u00edan 15 a\u00f1os o yo que s\u00e9, y les he dicho que no. Perd\u00f3n, pero qu\u00e9 celebraci\u00f3n ni hostias, yo celebro lo que me sale de los cojones; yo no tengo que beber champ\u00e1n el 31 de diciembre, yo beber\u00e9 champ\u00e1n el 4 de enero pero porque me apetece. En este sentido, me apetece mucho m\u00e1s hacer nuevas canciones, pensar en nuevas ideas o en la lista de m\u00fasicos con los que me gustar\u00eda trabajar para el nuevo disco&#8230; Me parece, adem\u00e1s, que esa es mi obligaci\u00f3n; si voy de m\u00fasico, de compositor de canciones, tengo que estar atento a lo m\u00edo y no a las chorradas. Y si, m\u00e1xime, te ganas la vida decentemente con tu trabajo, de put\u00edsima madre, no quiero m\u00e1s. Me propuse a m\u00ed mismo cuando era un cr\u00edo ser m\u00fasico, y he tenido la suerte de poder realizar este sue\u00f1o.<\/p>\n<p><strong>En Barcelona han sido seis conciertos y en Madrid ser\u00e1n siete con la actuaci\u00f3n que pondr\u00e1 broche a esta gira. \u00bfQu\u00e9 le lleva a un artista a realizar el sobre esfuerzo de ofrecer tantas fechas en lugar de concentrarlas en un recinto m\u00e1s grande?<\/strong><\/p>\n<p>Tres cuestiones, principalmente, y sin pretender ponerme medallas. La primera, que los conciertos grandes, que por suerte para m\u00ed he podido hacer muchos, no son lo mejor para la m\u00fasica; son lo mejor para la fiesta o para una descarga de energ\u00eda y adrenalina, por parte de las bandas y del p\u00fablico. Pero, musicalmente, no es lo \u00f3ptimo, ya que en ocasiones aporreas en lugar de tocar, y das alaridos en lugar de cantar, ya que tienes la sensaci\u00f3n que debes comerte a esas 20.000 personas porque si no te comen ellos a ti. Despu\u00e9s de mucho tiempo de hacer esto, de lo que no reniego, aunque tambi\u00e9n es cierto que era m\u00e1s joven, porque lo he disfrutado, me he dado cuenta de que las pantallas gigantes para ver al artista me parecen algo terrible. A m\u00ed me gusta la m\u00fasica, no las pantallas para ver al cantante. Y en un concierto grande esto es m\u00e1s dif\u00edcil, mientras que en un teatro lo tienes chupao; y yo, hoy por hoy, estoy por eso. En segundo lugar, al hacer m\u00e1s fechas, doy m\u00e1s trabajo a mi gente. Manolo Garc\u00eda no soy solo yo, sino m\u00e1s de treinta personas trabajando, y si les ofrezco m\u00e1s conciertos, me quieren m\u00e1s, y me gusta que mi gente me quiera. Es cuesti\u00f3n de compa\u00f1erismo y camarader\u00eda, de pensar un poco en los dem\u00e1s. Y, por \u00faltimo, la prioridad para m\u00ed, aunque piensen que me estoy tirando el rollo, no es la pasta. Y los conciertos grandes es dinero en grandes cantidades, empezando por el m\u00e1nager y acabando por el que sea. Interesa m\u00e1s porque es menos esfuerzo para m\u00e1s pasta, mientras que lo que hacemos nosotros ahora es m\u00e1s esfuerzo para menos pasta. \u00a1Nos ha jodido! Pero es que yo no tengo esa intenci\u00f3n. En el momento en que trabajas en la m\u00fasica, y te ganas la vida, de puta madre, ya est\u00e1, no tengo la obsesi\u00f3n de ir a saco. Y esto tambi\u00e9n viene de la mano de que no tengo ning\u00fan m\u00e1nager ni una oficina que me presione; mi oficina es familiar, trabajamos juntos desde hace muchos a\u00f1os y nuestra prioridad es vivir, no ganar pasta.<\/p>\n<p><strong>A estas alturas, a sus 57 a\u00f1os, el peligro que m\u00e1s acecha, cu\u00e1l es, \u00bfel aburrimiento, la monoton\u00eda, la salud, la crisis&#8230;?<\/strong><\/p>\n<p>La monoton\u00eda y el aburrimiento, nunca. A m\u00ed me atas con unas cadenas, me metes en un saco y me tiras en el S\u00e1hara, vuelves a los dos d\u00edas y ya ha he montado algo. Yo no me aburro nunca, siempre tengo recursos. El tema de la mierda de la crisis es una putada para todo el mundo, y si no que se lo digan a los millones de personas que est\u00e1n tiradas en la cuneta mientras otros han logrado esto, precisamente, a base de forrarse, y siguen forr\u00e1ndose m\u00e1s. Esto es algo inquietante para cualquier persona: para un m\u00fasico, un zapatero o un conductor de tranv\u00edas. Es inquietante c\u00f3mo pueden manejar nuestras vidas. Y en el tema de la cultura, tambi\u00e9n, ya que flipas con las decisiones que han tomado en los dos \u00faltimos meses las personas que gobiernan en este Estado. Pero, \u00a1qu\u00e9 cojones est\u00e1 pasando aqu\u00ed! Esto es algo que me preocupa de forma general. Y, por \u00faltimo, la salud&#8230; Claro, y conforme m\u00e1s a\u00f1os tienes, m\u00e1s, sobre todo si eres el se\u00f1or hipocondr\u00edaco, que cuando se levanta con dolor en la espalda piensa que ya es el fin, que est\u00e1 acabado (risas). Pero, de todas formas, eso es algo que alejo de m\u00ed en cuanto me cuelgo la guitarra, enciendo el amplificador o me pongo a pintar.<\/p>\n<p>Fuente: Noticias Navarra &#8211; <a href=\"http:\/\/www.noticiasdenavarra.com\/2012\/10\/31\/ocio-y-cultura\/cultura\/la-prioridad-para-mi-aunque-piensen-que-me-estoy-tirando-el-rollo-es-vivir-no-ganar-pasta\" target=\"_blank\">ENLACE<\/a><\/p>\n","protected":false},"excerpt":{"rendered":"<p>El auditorio Baluarte de Pamplona acoger\u00e1 esta tarde, a partir de las 20.00 horas y con las entradas agotadas, la actuaci\u00f3n de Manolo Garc\u00eda, estrella aunque no lo quiera del rock estatal y espejo, aunque tampoco lo quiera, en el que debieran mirarse las nuevas generaciones de m\u00fasicos. Llega a la vieja Iru\u00f1a en la<a class=\"moretag\" href=\"https:\/\/www.manologarciaycia.com\/?p=4031\" title=\"MG: \u00abLa prioridad para m\u00ed, aunque piensen que me estoy tirando el rollo, es vivir, no ganar pasta\u00bb\" target=\"_self\" rel=\"follow\"> <font face=arial size=2>[Leer m\u00e1s]<\/font> <\/a><\/p>\n","protected":false},"author":2,"featured_media":0,"comment_status":"closed","ping_status":"closed","sticky":false,"template":"","format":"standard","meta":{"footnotes":""},"categories":[1],"tags":[],"class_list":["post-4031","post","type-post","status-publish","format-standard","hentry","category-manolo-garcia"],"_links":{"self":[{"href":"https:\/\/www.manologarciaycia.com\/index.php?rest_route=\/wp\/v2\/posts\/4031","targetHints":{"allow":["GET"]}}],"collection":[{"href":"https:\/\/www.manologarciaycia.com\/index.php?rest_route=\/wp\/v2\/posts"}],"about":[{"href":"https:\/\/www.manologarciaycia.com\/index.php?rest_route=\/wp\/v2\/types\/post"}],"author":[{"embeddable":true,"href":"https:\/\/www.manologarciaycia.com\/index.php?rest_route=\/wp\/v2\/users\/2"}],"replies":[{"embeddable":true,"href":"https:\/\/www.manologarciaycia.com\/index.php?rest_route=%2Fwp%2Fv2%2Fcomments&post=4031"}],"version-history":[{"count":2,"href":"https:\/\/www.manologarciaycia.com\/index.php?rest_route=\/wp\/v2\/posts\/4031\/revisions"}],"predecessor-version":[{"id":4033,"href":"https:\/\/www.manologarciaycia.com\/index.php?rest_route=\/wp\/v2\/posts\/4031\/revisions\/4033"}],"wp:attachment":[{"href":"https:\/\/www.manologarciaycia.com\/index.php?rest_route=%2Fwp%2Fv2%2Fmedia&parent=4031"}],"wp:term":[{"taxonomy":"category","embeddable":true,"href":"https:\/\/www.manologarciaycia.com\/index.php?rest_route=%2Fwp%2Fv2%2Fcategories&post=4031"},{"taxonomy":"post_tag","embeddable":true,"href":"https:\/\/www.manologarciaycia.com\/index.php?rest_route=%2Fwp%2Fv2%2Ftags&post=4031"}],"curies":[{"name":"wp","href":"https:\/\/api.w.org\/{rel}","templated":true}]}}