{"id":4029,"date":"2012-10-31T08:55:12","date_gmt":"2012-10-31T07:55:12","guid":{"rendered":"http:\/\/www.manologarciaycia.com\/?p=4029"},"modified":"2012-10-31T08:55:12","modified_gmt":"2012-10-31T07:55:12","slug":"mg-manolo-garcia-presenta-su-ultimo-disco-este-miercoles-en-pamplona","status":"publish","type":"post","link":"https:\/\/www.manologarciaycia.com\/?p=4029","title":{"rendered":"MG: Manolo Garc\u00eda presenta su \u00faltimo disco este mi\u00e9rcoles en Pamplona"},"content":{"rendered":"<p>La Sala Principal de Baluarte acoge el mi\u00e9rcoles a las 20 horas un concierto del cantante catal\u00e1n Manolo Garc\u00eda, en el que presentar\u00e1 su \u00faltimo trabajo, &#8216;Los d\u00edas intactos&#8217;, el quinto disco de su carrera en solitario. El \u00e1lbum, que incluye 14 nuevas canciones, entre las que se encuentran &#8216;Un giro teatral&#8217; y &#8216;Sombra de la sombra de tu sombrero&#8217;, sali\u00f3 a la venta en octubre del pasado a\u00f1o, fue el n\u00famero 1 de la lista de los m\u00e1s vendidos en Espa\u00f1a durante tres semanas consecutivas y se convirti\u00f3 en Disco de Platino el mismo d\u00eda de su lanzamiento.<\/p>\n<p>Sobre el escenario, Manolo Garc\u00eda interpretar\u00e1 muchas de las canciones de &#8216;Los d\u00edas intactos&#8217; y realizar\u00e1 lo que \u00e9l mismo define como \u00abun repaso equilibrado\u00bb al resto de su amplia discograf\u00eda, tanto en solitario como en grupo, seg\u00fan ha explicado Baluarte en un comunicado. Las entradas para este concierto, que se enmarca en la temporada octubre 2012 &#8211; enero 2013 de Fundaci\u00f3n Baluarte, est\u00e1n agotadas desde hace varias semanas.<\/p>\n<p>Fuente: Globedia &#8211; <a href=\"http:\/\/es.globedia.com\/manolo-garcia-presenta-disco-miercoles-pamplona\" target=\"_blank\">ENLACE<\/a><\/p>\n","protected":false},"excerpt":{"rendered":"<p>La Sala Principal de Baluarte acoge el mi\u00e9rcoles a las 20 horas un concierto del cantante catal\u00e1n Manolo Garc\u00eda, en el que presentar\u00e1 su \u00faltimo trabajo, &#8216;Los d\u00edas intactos&#8217;, el quinto disco de su carrera en solitario. El \u00e1lbum, que incluye 14 nuevas canciones, entre las que se encuentran &#8216;Un giro teatral&#8217; y &#8216;Sombra de<a class=\"moretag\" href=\"https:\/\/www.manologarciaycia.com\/?p=4029\" title=\"MG: Manolo Garc\u00eda presenta su \u00faltimo disco este mi\u00e9rcoles en Pamplona\" target=\"_self\" rel=\"follow\"> <font face=arial size=2>[Leer m\u00e1s]<\/font> <\/a><\/p>\n","protected":false},"author":2,"featured_media":0,"comment_status":"closed","ping_status":"closed","sticky":false,"template":"","format":"standard","meta":{"footnotes":""},"categories":[1],"tags":[],"class_list":["post-4029","post","type-post","status-publish","format-standard","hentry","category-manolo-garcia"],"_links":{"self":[{"href":"https:\/\/www.manologarciaycia.com\/index.php?rest_route=\/wp\/v2\/posts\/4029","targetHints":{"allow":["GET"]}}],"collection":[{"href":"https:\/\/www.manologarciaycia.com\/index.php?rest_route=\/wp\/v2\/posts"}],"about":[{"href":"https:\/\/www.manologarciaycia.com\/index.php?rest_route=\/wp\/v2\/types\/post"}],"author":[{"embeddable":true,"href":"https:\/\/www.manologarciaycia.com\/index.php?rest_route=\/wp\/v2\/users\/2"}],"replies":[{"embeddable":true,"href":"https:\/\/www.manologarciaycia.com\/index.php?rest_route=%2Fwp%2Fv2%2Fcomments&post=4029"}],"version-history":[{"count":1,"href":"https:\/\/www.manologarciaycia.com\/index.php?rest_route=\/wp\/v2\/posts\/4029\/revisions"}],"predecessor-version":[{"id":4030,"href":"https:\/\/www.manologarciaycia.com\/index.php?rest_route=\/wp\/v2\/posts\/4029\/revisions\/4030"}],"wp:attachment":[{"href":"https:\/\/www.manologarciaycia.com\/index.php?rest_route=%2Fwp%2Fv2%2Fmedia&parent=4029"}],"wp:term":[{"taxonomy":"category","embeddable":true,"href":"https:\/\/www.manologarciaycia.com\/index.php?rest_route=%2Fwp%2Fv2%2Fcategories&post=4029"},{"taxonomy":"post_tag","embeddable":true,"href":"https:\/\/www.manologarciaycia.com\/index.php?rest_route=%2Fwp%2Fv2%2Ftags&post=4029"}],"curies":[{"name":"wp","href":"https:\/\/api.w.org\/{rel}","templated":true}]}}