{"id":4017,"date":"2012-10-29T10:50:37","date_gmt":"2012-10-29T09:50:37","guid":{"rendered":"http:\/\/www.manologarciaycia.com\/?p=4017"},"modified":"2012-10-29T10:50:37","modified_gmt":"2012-10-29T09:50:37","slug":"mg-manolo-garcia-presenta-el-miercoles-su-ultimo-disco-en-el-auditorio-baluarte","status":"publish","type":"post","link":"https:\/\/www.manologarciaycia.com\/?p=4017","title":{"rendered":"MG: Manolo Garc\u00eda presenta el mi\u00e9rcoles su \u00faltimo disco en el auditorio Baluarte"},"content":{"rendered":"<p><img loading=\"lazy\" decoding=\"async\" class=\"alignleft\" src=\"http:\/\/img.europapress.net\/fotoweb\/fotonoticia_20121028104024_500.jpg\" alt=\"\" width=\"500\" height=\"298\" \/> Manolo Garc\u00eda actuar\u00e1 el pr\u00f3ximo mi\u00e9rcoles, a las 20 horas, en la Sala Principal de Baluarte en un concierto en el que presentar\u00e1 su \u00faltimo trabajo, &#8216;Los d\u00edas intactos&#8217;, el quinto disco de su carrera en solitario. El \u00e1lbum, que incluye 14 nuevas canciones, entre las que se incluyen los \u00e9xitos &#8216;Un giro teatral&#8217; y &#8216;Sombra de la sombra de tu sombrero&#8217;, sali\u00f3 a la venta en octubre del pasado a\u00f1o, fue el n\u00famero uno de la lista de los m\u00e1s vendidos en Espa\u00f1a durante tres semanas consecutiva y se convirti\u00f3 en Disco de Platino el mismo d\u00eda de su lanzamiento. Las entradas para este concierto, que se enmarca en la Temporada octubre 2012-enero 2013 de Fundaci\u00f3n Baluarte, est\u00e1n agotadas desde hace varias semanas, seg\u00fan ha informado el auditorio en un comunicado. Sobre un escenario dise\u00f1ado por el propio artista y decorado, entre otros, con motivos marineros, Manolo Garc\u00eda interpretar\u00e1 muchas de las canciones de Los d\u00edas intactos y realizar\u00e1 lo que \u00e9l mismo define como \u00abun repaso equilibrado\u00bb al resto de su amplia discograf\u00eda, tanto en solitario como en grupo.<\/p>\n<p>Manolo Garc\u00eda, una de las grandes figuras del pop-rock espa\u00f1ol, alcanz\u00f3 la popularidad como integrante del desaparecido grupo &#8216;El \u00faltimo de la fila&#8217; en la d\u00e9cada de los noventa. Ya en solitario public\u00f3 &#8216;Arena en los bolsillos&#8217; (1998), &#8216;Nunca el tiempo es perdido&#8217; (2001), &#8216;Para que no se duerman mis sentidos&#8217; (2004), &#8216;Saldremos a la lluvia&#8217; (2008) y el \u00faltimo &#8216;Los d\u00edas intactos&#8217; (2011).<\/p>\n<p>Fuente: EuropaPress &#8211; <a href=\"http:\/\/www.europapress.es\/navarra\/noticia-manolo-garcia-presenta-miercoles-ultimo-disco-baluarte-20121028104024.html\" target=\"_blank\">ENLACE<\/a><\/p>\n","protected":false},"excerpt":{"rendered":"<p>Manolo Garc\u00eda actuar\u00e1 el pr\u00f3ximo mi\u00e9rcoles, a las 20 horas, en la Sala Principal de Baluarte en un concierto en el que presentar\u00e1 su \u00faltimo trabajo, &#8216;Los d\u00edas intactos&#8217;, el quinto disco de su carrera en solitario. El \u00e1lbum, que incluye 14 nuevas canciones, entre las que se incluyen los \u00e9xitos &#8216;Un giro teatral&#8217; y<a class=\"moretag\" href=\"https:\/\/www.manologarciaycia.com\/?p=4017\" title=\"MG: Manolo Garc\u00eda presenta el mi\u00e9rcoles su \u00faltimo disco en el auditorio Baluarte\" target=\"_self\" rel=\"follow\"> <font face=arial size=2>[Leer m\u00e1s]<\/font> <\/a><\/p>\n","protected":false},"author":2,"featured_media":0,"comment_status":"closed","ping_status":"closed","sticky":false,"template":"","format":"standard","meta":{"footnotes":""},"categories":[1],"tags":[],"class_list":["post-4017","post","type-post","status-publish","format-standard","hentry","category-manolo-garcia"],"_links":{"self":[{"href":"https:\/\/www.manologarciaycia.com\/index.php?rest_route=\/wp\/v2\/posts\/4017","targetHints":{"allow":["GET"]}}],"collection":[{"href":"https:\/\/www.manologarciaycia.com\/index.php?rest_route=\/wp\/v2\/posts"}],"about":[{"href":"https:\/\/www.manologarciaycia.com\/index.php?rest_route=\/wp\/v2\/types\/post"}],"author":[{"embeddable":true,"href":"https:\/\/www.manologarciaycia.com\/index.php?rest_route=\/wp\/v2\/users\/2"}],"replies":[{"embeddable":true,"href":"https:\/\/www.manologarciaycia.com\/index.php?rest_route=%2Fwp%2Fv2%2Fcomments&post=4017"}],"version-history":[{"count":2,"href":"https:\/\/www.manologarciaycia.com\/index.php?rest_route=\/wp\/v2\/posts\/4017\/revisions"}],"predecessor-version":[{"id":4019,"href":"https:\/\/www.manologarciaycia.com\/index.php?rest_route=\/wp\/v2\/posts\/4017\/revisions\/4019"}],"wp:attachment":[{"href":"https:\/\/www.manologarciaycia.com\/index.php?rest_route=%2Fwp%2Fv2%2Fmedia&parent=4017"}],"wp:term":[{"taxonomy":"category","embeddable":true,"href":"https:\/\/www.manologarciaycia.com\/index.php?rest_route=%2Fwp%2Fv2%2Fcategories&post=4017"},{"taxonomy":"post_tag","embeddable":true,"href":"https:\/\/www.manologarciaycia.com\/index.php?rest_route=%2Fwp%2Fv2%2Ftags&post=4017"}],"curies":[{"name":"wp","href":"https:\/\/api.w.org\/{rel}","templated":true}]}}