{"id":4014,"date":"2012-10-27T13:49:09","date_gmt":"2012-10-27T11:49:09","guid":{"rendered":"http:\/\/www.manologarciaycia.com\/?p=4014"},"modified":"2012-10-27T13:49:29","modified_gmt":"2012-10-27T11:49:29","slug":"mg-manolo-garcia-presenta-en-baluarte-los-dias-intactos-su-ultimo-disco","status":"publish","type":"post","link":"https:\/\/www.manologarciaycia.com\/?p=4014","title":{"rendered":"MG: Manolo Garc\u00eda presenta en Baluarte &#8216;Los d\u00edas intactos&#8217;, su \u00faltimo disco"},"content":{"rendered":"<p style=\"text-align: left;\"><img loading=\"lazy\" decoding=\"async\" class=\"aligncenter\" src=\"http:\/\/static01.diariodenavarra.es\/uploads\/imagenes\/bajacalidad\/_manologarcia_c46ac743.jpg\" alt=\"\" width=\"713\" height=\"475\" \/>Manolo Garc\u00eda actuar\u00e1 el mi\u00e9rcoles 31 de octubre en Baluarte. El cantante presentar\u00e1 su quinto disco en solitario &#8216;Los d\u00edas intactos&#8217;, que incluye 14 nuevas canciones, entre las exitosas &#8216;Un giro teatral&#8217; y &#8216;Sombra de la sombra de tu sombrero&#8217;. El trabajo fue publicado el pasado octubre y fue el n\u00famero 1 de la lista de los m\u00e1s vendidos en Espa\u00f1a durante tres semanas consecutivas.<\/p>\n<p style=\"text-align: left;\">Se convirti\u00f3 en Disco de Platino el mismo d\u00eda de su lanzamiento y pasa ya de su Triple Disco de Platino. Estos datos son reflejo de la magn\u00edfica acogida que est\u00e1 teniendo su quinto disco de estudio.<\/p>\n<p style=\"text-align: left;\">Garc\u00eda es una de las grandes figuras del pop-rock espa\u00f1ol. El cantante y compositor, y pintor en sus ratos libres, alcanz\u00f3 la popularidad como integrante del desaparecido grupo El \u00faltimo de la fila en la d\u00e9cada de los noventa. Ya en solitario, todos sus trabajos desde Arena en los bolsillos han sido un \u00e9xito de popularidad y ventas.<\/p>\n<p style=\"text-align: left;\">Fuente: Diario Navarra &#8211; <a href=\"http:\/\/www.diariodenavarra.es\/noticias\/navarra\/pamplona_comarca\/pamplona\/2012\/10\/27\/manolo_garcia_presenta_baluarte_los_dias_intactos_95756_1702.html\" target=\"_blank\">Enlace<\/a><\/p>\n","protected":false},"excerpt":{"rendered":"<p>Manolo Garc\u00eda actuar\u00e1 el mi\u00e9rcoles 31 de octubre en Baluarte. El cantante presentar\u00e1 su quinto disco en solitario &#8216;Los d\u00edas intactos&#8217;, que incluye 14 nuevas canciones, entre las exitosas &#8216;Un giro teatral&#8217; y &#8216;Sombra de la sombra de tu sombrero&#8217;. El trabajo fue publicado el pasado octubre y fue el n\u00famero 1 de la lista<a class=\"moretag\" href=\"https:\/\/www.manologarciaycia.com\/?p=4014\" title=\"MG: Manolo Garc\u00eda presenta en Baluarte &#8216;Los d\u00edas intactos&#8217;, su \u00faltimo disco\" target=\"_self\" rel=\"follow\"> <font face=arial size=2>[Leer m\u00e1s]<\/font> <\/a><\/p>\n","protected":false},"author":2,"featured_media":0,"comment_status":"closed","ping_status":"closed","sticky":false,"template":"","format":"standard","meta":{"footnotes":""},"categories":[1],"tags":[],"class_list":["post-4014","post","type-post","status-publish","format-standard","hentry","category-manolo-garcia"],"_links":{"self":[{"href":"https:\/\/www.manologarciaycia.com\/index.php?rest_route=\/wp\/v2\/posts\/4014","targetHints":{"allow":["GET"]}}],"collection":[{"href":"https:\/\/www.manologarciaycia.com\/index.php?rest_route=\/wp\/v2\/posts"}],"about":[{"href":"https:\/\/www.manologarciaycia.com\/index.php?rest_route=\/wp\/v2\/types\/post"}],"author":[{"embeddable":true,"href":"https:\/\/www.manologarciaycia.com\/index.php?rest_route=\/wp\/v2\/users\/2"}],"replies":[{"embeddable":true,"href":"https:\/\/www.manologarciaycia.com\/index.php?rest_route=%2Fwp%2Fv2%2Fcomments&post=4014"}],"version-history":[{"count":2,"href":"https:\/\/www.manologarciaycia.com\/index.php?rest_route=\/wp\/v2\/posts\/4014\/revisions"}],"predecessor-version":[{"id":4016,"href":"https:\/\/www.manologarciaycia.com\/index.php?rest_route=\/wp\/v2\/posts\/4014\/revisions\/4016"}],"wp:attachment":[{"href":"https:\/\/www.manologarciaycia.com\/index.php?rest_route=%2Fwp%2Fv2%2Fmedia&parent=4014"}],"wp:term":[{"taxonomy":"category","embeddable":true,"href":"https:\/\/www.manologarciaycia.com\/index.php?rest_route=%2Fwp%2Fv2%2Fcategories&post=4014"},{"taxonomy":"post_tag","embeddable":true,"href":"https:\/\/www.manologarciaycia.com\/index.php?rest_route=%2Fwp%2Fv2%2Ftags&post=4014"}],"curies":[{"name":"wp","href":"https:\/\/api.w.org\/{rel}","templated":true}]}}