{"id":4012,"date":"2012-10-26T07:30:07","date_gmt":"2012-10-26T05:30:07","guid":{"rendered":"http:\/\/www.manologarciaycia.com\/?p=4012"},"modified":"2012-10-26T07:30:07","modified_gmt":"2012-10-26T05:30:07","slug":"mg-manolo-garcia-en-el-disco-homenaje-a-maria-dolores-pradera","status":"publish","type":"post","link":"https:\/\/www.manologarciaycia.com\/?p=4012","title":{"rendered":"MG: Manolo Garc\u00eda en el disco homenaje a Mar\u00eda Dolores Pradera"},"content":{"rendered":"<p><img loading=\"lazy\" decoding=\"async\" class=\"alignleft\" src=\"http:\/\/www.sonymusic.es\/sites\/smspain\/files\/imagecache\/600wide_max\/PORTA%20CD%20M.D.Pradera.jpg\" alt=\"\" width=\"400\" height=\"400\" \/> MAR\u00cdA DOLORES PRADERA RECIBE EL MAYOR HOMENAJE DE LA M\u00daSICA ESPA\u00d1OLA EN EL \u00c1LBUM GRACIAS A VOSOTROS, QUE SE PUBLICA EL 20 DE NOVIEMBRE.<\/p>\n<p>Mar\u00eda Dolores Pradera es un regalo que nos ha dado la m\u00fasica. Esta artista impar ha sabido capturar como pocas el alma de la canci\u00f3n popular, por encima de modas, estilos y generaciones, creando una forma de expresi\u00f3n \u00fanica, reconocida y admirada en Espa\u00f1a y Latinoam\u00e9rica. Por esto, a nadie puede extra\u00f1ar que el mundo de la m\u00fasica espa\u00f1ola se haya reunido en el \u00e1lbum Gracias a vosotros para cantar con Mar\u00eda Dolores Pradera en el mayor homenaje que se haya dado nunca a una artista en nuestro pa\u00eds. Era de justicia.<\/p>\n<p>Gracias a vosotros se publica el 20 de noviembre de 2012 y en el \u00e1lbum cantan a d\u00fao con Mar\u00eda Dolores Pradera los siguientes artistas: Ana Bel\u00e9n (La media vuelta), Diana Navarro (L\u00eda), Diego El Cigala (L\u00e1grimas negras), Joaqu\u00edn Sabina (La flor de la canela), Joan Manuel Serrat (Tu nombre me sabe a hierba), Luis Eduardo Aute (Caminemos), <strong>Manolo Garc\u00eda (No volver\u00e9)<\/strong>, Miguel Bos\u00e9 (El rosario de mi madre), Miguel Poveda (Fina estampa), Pablo Albor\u00e1n (No s\u00e9 por qu\u00e9 te quiero), Pasi\u00f3n Vega (Habaneras de C\u00e1diz), Raphael (Gracias a la vida), Sergio Dalma (Procuro olvidarte) y V\u00edctor Manuel (Amarraditos).<\/p>\n<p>Fuente: Sony &#8211; <a href=\"http:\/\/www.sonymusic.es\/news\/mar%C3%AD-dolores-pradera-recibe-el-mayor-homenaje-de-la-m%C3%BAsica-espa%C3%B1ola-en-el-%C3%A1lbum-gracias-vosotro\" target=\"_blank\">Enlace<\/a><\/p>\n","protected":false},"excerpt":{"rendered":"<p>MAR\u00cdA DOLORES PRADERA RECIBE EL MAYOR HOMENAJE DE LA M\u00daSICA ESPA\u00d1OLA EN EL \u00c1LBUM GRACIAS A VOSOTROS, QUE SE PUBLICA EL 20 DE NOVIEMBRE. Mar\u00eda Dolores Pradera es un regalo que nos ha dado la m\u00fasica. Esta artista impar ha sabido capturar como pocas el alma de la canci\u00f3n popular, por encima de modas, estilos<a class=\"moretag\" href=\"https:\/\/www.manologarciaycia.com\/?p=4012\" title=\"MG: Manolo Garc\u00eda en el disco homenaje a Mar\u00eda Dolores Pradera\" target=\"_self\" rel=\"follow\"> <font face=arial size=2>[Leer m\u00e1s]<\/font> <\/a><\/p>\n","protected":false},"author":2,"featured_media":0,"comment_status":"closed","ping_status":"closed","sticky":false,"template":"","format":"standard","meta":{"footnotes":""},"categories":[1,23],"tags":[],"class_list":["post-4012","post","type-post","status-publish","format-standard","hentry","category-manolo-garcia","category-otros"],"_links":{"self":[{"href":"https:\/\/www.manologarciaycia.com\/index.php?rest_route=\/wp\/v2\/posts\/4012","targetHints":{"allow":["GET"]}}],"collection":[{"href":"https:\/\/www.manologarciaycia.com\/index.php?rest_route=\/wp\/v2\/posts"}],"about":[{"href":"https:\/\/www.manologarciaycia.com\/index.php?rest_route=\/wp\/v2\/types\/post"}],"author":[{"embeddable":true,"href":"https:\/\/www.manologarciaycia.com\/index.php?rest_route=\/wp\/v2\/users\/2"}],"replies":[{"embeddable":true,"href":"https:\/\/www.manologarciaycia.com\/index.php?rest_route=%2Fwp%2Fv2%2Fcomments&post=4012"}],"version-history":[{"count":1,"href":"https:\/\/www.manologarciaycia.com\/index.php?rest_route=\/wp\/v2\/posts\/4012\/revisions"}],"predecessor-version":[{"id":4013,"href":"https:\/\/www.manologarciaycia.com\/index.php?rest_route=\/wp\/v2\/posts\/4012\/revisions\/4013"}],"wp:attachment":[{"href":"https:\/\/www.manologarciaycia.com\/index.php?rest_route=%2Fwp%2Fv2%2Fmedia&parent=4012"}],"wp:term":[{"taxonomy":"category","embeddable":true,"href":"https:\/\/www.manologarciaycia.com\/index.php?rest_route=%2Fwp%2Fv2%2Fcategories&post=4012"},{"taxonomy":"post_tag","embeddable":true,"href":"https:\/\/www.manologarciaycia.com\/index.php?rest_route=%2Fwp%2Fv2%2Ftags&post=4012"}],"curies":[{"name":"wp","href":"https:\/\/api.w.org\/{rel}","templated":true}]}}