{"id":3988,"date":"2012-10-21T07:53:51","date_gmt":"2012-10-21T05:53:51","guid":{"rendered":"http:\/\/www.manologarciaycia.com\/?p=3988"},"modified":"2012-10-22T08:57:37","modified_gmt":"2012-10-22T06:57:37","slug":"mg-manolo-garcia-el-rey-de-la-escena","status":"publish","type":"post","link":"https:\/\/www.manologarciaycia.com\/?p=3988","title":{"rendered":"MG: Manolo Garc\u00eda, el rey de la escena"},"content":{"rendered":"<p><img loading=\"lazy\" decoding=\"async\" alt=\"\" src=\"http:\/\/ocio.lne.es\/img_contenido\/noticias\/2012\/10\/127535\/2012_10_28_IMG_2012_10_21_032032__9495702.jpg\" class=\"aligncenter\" width=\"646\" height=\"329\" \/> El cantante emociona y entusiasma en el Auditorio con un repertorio aclamado y coreado y con su inconfundible voz y su entrega absoluta.<\/p>\n<p>Ya dijo Manolo Garc\u00eda en un momento del concierto que lo bueno de la m\u00fasica es que las amistades no se perd\u00edan. Y perdura su \u00e9xito. Ayer en el Auditorio fue recibido al grito de \u00abmaestro\u00bb; y eso que comenzaba calmado, a golpe de voz y teclados. R\u00e1pido se encendi\u00f3 a\u00fan m\u00e1s la afici\u00f3n a las primeras notas de \u00abSombra de tu palmera\u00bb. Y as\u00ed de principio a fin.<\/p>\n<p>La gente siempre comienza los conciertos del cantante ordenadamente, sentados, recogidos y, al rato, se dispersa a bailar y cantar, a disfrutar. Ayuda el m\u00fasico catal\u00e1n con sus incursiones por pasillos y el frontal del escenario. Por ah\u00ed le llegan regalos, peluches y banderas de Asturias en las que luego se envuelve el barcelon\u00e9s.<\/p>\n<p><\/p>\n<p>Al poco de culminar la parte de presentaci\u00f3n asoman efectos luminosos y se despliega una banda muy potente, cargada de instrumentos de cuerda, de percusiones (caj\u00f3n, bater\u00eda&#8230;), acorde\u00f3n, teclados, de cuidados sonidos; y van cayendo, como un regalo para el p\u00fablico, todas sus p\u00edldoras medicinales. \u00abMalva\u00bb, donde ya se muestra el talento del guitarrista (con una entradilla con \u00abolor\u00bb funky) o \u00abPara que no se duerman mis sentidos\u00bb, con la que Garc\u00eda aprovecha para reflexionar: \u00abEs mejor sentir que pensar, pensar es muy cansado, hay que sentir\u00bb. Asoma la danza entre sombras de una pantalla y al poco en el escenario acompa\u00f1ando \u00abCompasi\u00f3n y silencio\u00bb.<\/p>\n<p>Para entonces Manolo Garc\u00eda ya hab\u00eda pedido mirar al futuro y cuidar el cambio clim\u00e1tico para las generaciones venideras. \u00abEsto tambi\u00e9n lo tapa la crisis\u00bb, dijo. Ya hac\u00eda tiempo que hab\u00eda saludado a \u00abUvi\u00e9u\u00bb, a los que all\u00ed estaban \u00abde Gij\u00f3n, de Le\u00f3n y Valencia\u00bb, porque ya hab\u00edan transcurrido, en un pisp\u00e1s, tres cuartos del concierto (antes de bises) y la sesi\u00f3n ya era m\u00e1s que una fiesta total, era la mejor demostraci\u00f3n de complicidad entre un artista y su p\u00fablico.<\/p>\n<p>Pero, claro, quedaba mucho por exponer. Por ejemplo, una \u00abintro\u00bb de guitarra espa\u00f1ola espectacular en \u00abSin que sepas de m\u00ed\u00bb, otro espect\u00e1culo combinado de imagen de sombra y danza, canci\u00f3n e instrumentos en \u00abSombra de tu sombrero\u00bb, para proseguir hasta el final con un buen pu\u00f1ado de piezas que dan distintos tonos de su repertorio: \u00abEstoy alegre\u00bb, \u00abNunca el tiempo es perdido\u00bb (\u00abguapo y campe\u00f3n\u00bb se o\u00eda entonces), \u00abUn a\u00f1o y otro a\u00f1o\u00bb&#8230; Su retah\u00edla imparable de \u00e9xitos que combina con sus saludos, su proximidad con la gente y sus mensajes. \u00abA veces\u00bb, dijo Manolo en la primera parte, \u00abllegan peque\u00f1os presentes y alguien me dice: \u00abGracias por continuar\u00bb\u00bb. Pues as\u00ed fue en la despedida del concierto, regalando a sus fieles bises que culminaron la sesi\u00f3n con una fiesta total.<\/p>\n<p>Fuente: La Nueva Espa\u00f1a &#8211; <a href=\"http:\/\/www.lne.es\/oviedo\/2012\/10\/21\/manolo-garcia-rey-escena\/1314880.html?utm_medium=rss\" target=\"_new\">ENLACE<\/a><\/p>\n","protected":false},"excerpt":{"rendered":"<p>El cantante emociona y entusiasma en el Auditorio con un repertorio aclamado y coreado y con su inconfundible voz y su entrega absoluta. Ya dijo Manolo Garc\u00eda en un momento del concierto que lo bueno de la m\u00fasica es que las amistades no se perd\u00edan. Y perdura su \u00e9xito. Ayer en el Auditorio fue recibido<a class=\"moretag\" href=\"https:\/\/www.manologarciaycia.com\/?p=3988\" title=\"MG: Manolo Garc\u00eda, el rey de la escena\" target=\"_self\" rel=\"follow\"> <font face=arial size=2>[Leer m\u00e1s]<\/font> <\/a><\/p>\n","protected":false},"author":2,"featured_media":0,"comment_status":"closed","ping_status":"closed","sticky":false,"template":"","format":"standard","meta":{"footnotes":""},"categories":[1],"tags":[],"class_list":["post-3988","post","type-post","status-publish","format-standard","hentry","category-manolo-garcia"],"_links":{"self":[{"href":"https:\/\/www.manologarciaycia.com\/index.php?rest_route=\/wp\/v2\/posts\/3988","targetHints":{"allow":["GET"]}}],"collection":[{"href":"https:\/\/www.manologarciaycia.com\/index.php?rest_route=\/wp\/v2\/posts"}],"about":[{"href":"https:\/\/www.manologarciaycia.com\/index.php?rest_route=\/wp\/v2\/types\/post"}],"author":[{"embeddable":true,"href":"https:\/\/www.manologarciaycia.com\/index.php?rest_route=\/wp\/v2\/users\/2"}],"replies":[{"embeddable":true,"href":"https:\/\/www.manologarciaycia.com\/index.php?rest_route=%2Fwp%2Fv2%2Fcomments&post=3988"}],"version-history":[{"count":5,"href":"https:\/\/www.manologarciaycia.com\/index.php?rest_route=\/wp\/v2\/posts\/3988\/revisions"}],"predecessor-version":[{"id":3996,"href":"https:\/\/www.manologarciaycia.com\/index.php?rest_route=\/wp\/v2\/posts\/3988\/revisions\/3996"}],"wp:attachment":[{"href":"https:\/\/www.manologarciaycia.com\/index.php?rest_route=%2Fwp%2Fv2%2Fmedia&parent=3988"}],"wp:term":[{"taxonomy":"category","embeddable":true,"href":"https:\/\/www.manologarciaycia.com\/index.php?rest_route=%2Fwp%2Fv2%2Fcategories&post=3988"},{"taxonomy":"post_tag","embeddable":true,"href":"https:\/\/www.manologarciaycia.com\/index.php?rest_route=%2Fwp%2Fv2%2Ftags&post=3988"}],"curies":[{"name":"wp","href":"https:\/\/api.w.org\/{rel}","templated":true}]}}