{"id":3986,"date":"2012-10-21T07:51:59","date_gmt":"2012-10-21T05:51:59","guid":{"rendered":"http:\/\/www.manologarciaycia.com\/?p=3986"},"modified":"2012-10-21T07:51:59","modified_gmt":"2012-10-21T05:51:59","slug":"mg-manolo-garcia-a-pleno-rock","status":"publish","type":"post","link":"https:\/\/www.manologarciaycia.com\/?p=3986","title":{"rendered":"MG: Manolo Garc\u00eda a pleno rock"},"content":{"rendered":"<p><img loading=\"lazy\" decoding=\"async\" alt=\"\" src=\"http:\/\/www.elcomercio.es\/prensa\/noticias\/201210\/21\/fotos\/11216248.jpg\" class=\"alignright\" width=\"300\" height=\"171\" \/> El Auditorio se llen\u00f3 hasta la bandera para disfrutar del directo del m\u00fasico. El concierto de Manolo Garc\u00eda aplazado en mayo, a causa de una apendicitis sufrida por el artista, finalmente se celebr\u00f3 ayer en el Auditorio Pr\u00edncipe Felipe, dentro de la gira del disco &#8216;Los d\u00edas intactos&#8217;. El m\u00fasico barcelon\u00e9s puso el cartel de &#8216;entradas agotadas&#8217;, lo que prueba la fidelidad -y la cantidad- de un p\u00fablico que le adora.<br \/>\nSe le reconoce siempre, aunque en este caso predomin\u00f3 su vertiente m\u00e1s rockera. Comenz\u00f3, con diez minutos de retraso, con un peque\u00f1o formato al borde del escenario tras el cual tapiaba el resto una serie de biombos iluminados, una elecci\u00f3n para recordar temas como &#8216;Navaja de papel&#8217; y &#8216;Sombra de tu palmera&#8217;, coreada ya en pie desde esos primeros instantes por el p\u00fablico. Despu\u00e9s se abri\u00f3 el escenario a la big band con &#8216;Un alma de papel&#8217; para introducir las piezas de &#8216;Los d\u00edas intactos&#8217; y alternarlos con sus temas m\u00e1s conocidos.<\/p>\n<p>Fuente: El Comercio<\/p>\n","protected":false},"excerpt":{"rendered":"<p>El Auditorio se llen\u00f3 hasta la bandera para disfrutar del directo del m\u00fasico. El concierto de Manolo Garc\u00eda aplazado en mayo, a causa de una apendicitis sufrida por el artista, finalmente se celebr\u00f3 ayer en el Auditorio Pr\u00edncipe Felipe, dentro de la gira del disco &#8216;Los d\u00edas intactos&#8217;. El m\u00fasico barcelon\u00e9s puso el cartel de<a class=\"moretag\" href=\"https:\/\/www.manologarciaycia.com\/?p=3986\" title=\"MG: Manolo Garc\u00eda a pleno rock\" target=\"_self\" rel=\"follow\"> <font face=arial size=2>[Leer m\u00e1s]<\/font> <\/a><\/p>\n","protected":false},"author":2,"featured_media":0,"comment_status":"closed","ping_status":"closed","sticky":false,"template":"","format":"standard","meta":{"footnotes":""},"categories":[1],"tags":[],"class_list":["post-3986","post","type-post","status-publish","format-standard","hentry","category-manolo-garcia"],"_links":{"self":[{"href":"https:\/\/www.manologarciaycia.com\/index.php?rest_route=\/wp\/v2\/posts\/3986","targetHints":{"allow":["GET"]}}],"collection":[{"href":"https:\/\/www.manologarciaycia.com\/index.php?rest_route=\/wp\/v2\/posts"}],"about":[{"href":"https:\/\/www.manologarciaycia.com\/index.php?rest_route=\/wp\/v2\/types\/post"}],"author":[{"embeddable":true,"href":"https:\/\/www.manologarciaycia.com\/index.php?rest_route=\/wp\/v2\/users\/2"}],"replies":[{"embeddable":true,"href":"https:\/\/www.manologarciaycia.com\/index.php?rest_route=%2Fwp%2Fv2%2Fcomments&post=3986"}],"version-history":[{"count":1,"href":"https:\/\/www.manologarciaycia.com\/index.php?rest_route=\/wp\/v2\/posts\/3986\/revisions"}],"predecessor-version":[{"id":3987,"href":"https:\/\/www.manologarciaycia.com\/index.php?rest_route=\/wp\/v2\/posts\/3986\/revisions\/3987"}],"wp:attachment":[{"href":"https:\/\/www.manologarciaycia.com\/index.php?rest_route=%2Fwp%2Fv2%2Fmedia&parent=3986"}],"wp:term":[{"taxonomy":"category","embeddable":true,"href":"https:\/\/www.manologarciaycia.com\/index.php?rest_route=%2Fwp%2Fv2%2Fcategories&post=3986"},{"taxonomy":"post_tag","embeddable":true,"href":"https:\/\/www.manologarciaycia.com\/index.php?rest_route=%2Fwp%2Fv2%2Ftags&post=3986"}],"curies":[{"name":"wp","href":"https:\/\/api.w.org\/{rel}","templated":true}]}}