{"id":3983,"date":"2012-10-20T20:19:45","date_gmt":"2012-10-20T18:19:45","guid":{"rendered":"http:\/\/www.manologarciaycia.com\/?p=3983"},"modified":"2012-10-20T20:19:45","modified_gmt":"2012-10-20T18:19:45","slug":"mg-manolo-garcia-presenta-su-ultimo-trabajo-en-el-auditorio-principe-felipe-de-oviedo","status":"publish","type":"post","link":"https:\/\/www.manologarciaycia.com\/?p=3983","title":{"rendered":"MG: Manolo Garc\u00eda presenta su \u00faltimo trabajo en el Auditorio Pr\u00edncipe Felipe de Oviedo"},"content":{"rendered":"<p><center><iframe loading=\"lazy\" width=\"420\" height=\"315\" src=\"http:\/\/www.youtube.com\/embed\/KTqXAnFtFVo\" frameborder=\"0\" allowfullscreen><\/iframe><\/center><\/p>\n<p>Manolo Garc\u00eda public\u00f3 hace un a\u00f1o &#8216;Los d\u00edas intactos&#8217;, su sexto trabajo en solitario con una gira que ha sido un \u00e9xito llenando all\u00e1 por donde ha pasado, incluido Oviedo.<\/p>\n<p>M\u00fasico, pintor y letrista se define como lector incansable al que le gustan las palabras. Se\u00f1ala as\u00ed el cantante que  intenta \u00abutilizar palabras que tienen un sentido muy rotundo por el peso que les da el tiempo que llevan en uso\u00bb.<\/p>\n<p>Este gusto le vali\u00f3 para ser bibliotecario en la mili que hizo en Gij\u00f3n, en el cuartel de Simancas, actual centro municipal del Coto, donde dej\u00f3 un mural por el que se pregunta si a\u00fan seguir\u00e1 all\u00ed. Su faceta de pintor, aunque no llene teatros, empieza a estar cada vez m\u00e1s reconocida.<\/p>\n<p>Fuente: Radio TV Asturias<\/p>\n","protected":false},"excerpt":{"rendered":"<p>Manolo Garc\u00eda public\u00f3 hace un a\u00f1o &#8216;Los d\u00edas intactos&#8217;, su sexto trabajo en solitario con una gira que ha sido un \u00e9xito llenando all\u00e1 por donde ha pasado, incluido Oviedo. M\u00fasico, pintor y letrista se define como lector incansable al que le gustan las palabras. Se\u00f1ala as\u00ed el cantante que intenta \u00abutilizar palabras que tienen<a class=\"moretag\" href=\"https:\/\/www.manologarciaycia.com\/?p=3983\" title=\"MG: Manolo Garc\u00eda presenta su \u00faltimo trabajo en el Auditorio Pr\u00edncipe Felipe de Oviedo\" target=\"_self\" rel=\"follow\"> <font face=arial size=2>[Leer m\u00e1s]<\/font> <\/a><\/p>\n","protected":false},"author":2,"featured_media":0,"comment_status":"closed","ping_status":"closed","sticky":false,"template":"","format":"standard","meta":{"footnotes":""},"categories":[1],"tags":[],"class_list":["post-3983","post","type-post","status-publish","format-standard","hentry","category-manolo-garcia"],"_links":{"self":[{"href":"https:\/\/www.manologarciaycia.com\/index.php?rest_route=\/wp\/v2\/posts\/3983","targetHints":{"allow":["GET"]}}],"collection":[{"href":"https:\/\/www.manologarciaycia.com\/index.php?rest_route=\/wp\/v2\/posts"}],"about":[{"href":"https:\/\/www.manologarciaycia.com\/index.php?rest_route=\/wp\/v2\/types\/post"}],"author":[{"embeddable":true,"href":"https:\/\/www.manologarciaycia.com\/index.php?rest_route=\/wp\/v2\/users\/2"}],"replies":[{"embeddable":true,"href":"https:\/\/www.manologarciaycia.com\/index.php?rest_route=%2Fwp%2Fv2%2Fcomments&post=3983"}],"version-history":[{"count":1,"href":"https:\/\/www.manologarciaycia.com\/index.php?rest_route=\/wp\/v2\/posts\/3983\/revisions"}],"predecessor-version":[{"id":3984,"href":"https:\/\/www.manologarciaycia.com\/index.php?rest_route=\/wp\/v2\/posts\/3983\/revisions\/3984"}],"wp:attachment":[{"href":"https:\/\/www.manologarciaycia.com\/index.php?rest_route=%2Fwp%2Fv2%2Fmedia&parent=3983"}],"wp:term":[{"taxonomy":"category","embeddable":true,"href":"https:\/\/www.manologarciaycia.com\/index.php?rest_route=%2Fwp%2Fv2%2Fcategories&post=3983"},{"taxonomy":"post_tag","embeddable":true,"href":"https:\/\/www.manologarciaycia.com\/index.php?rest_route=%2Fwp%2Fv2%2Ftags&post=3983"}],"curies":[{"name":"wp","href":"https:\/\/api.w.org\/{rel}","templated":true}]}}