{"id":3981,"date":"2012-10-20T07:15:50","date_gmt":"2012-10-20T05:15:50","guid":{"rendered":"http:\/\/www.manologarciaycia.com\/?p=3981"},"modified":"2012-10-20T07:15:50","modified_gmt":"2012-10-20T05:15:50","slug":"mg-manolo-garcia-llega-al-auditorio-con-la-gira-los-dias-intactos","status":"publish","type":"post","link":"https:\/\/www.manologarciaycia.com\/?p=3981","title":{"rendered":"MG: Manolo Garc\u00eda llega al Auditorio con la gira \u00abLos d\u00edas intactos\u00bb"},"content":{"rendered":"<p><img loading=\"lazy\" decoding=\"async\" class=\"alignright\" src=\"http:\/\/fotos00.lne.es\/fotos\/noticias\/646x260\/2012-10-27_IMG_2012-10-20_03.05.26__9491045.jpg\" alt=\"\" width=\"315\" height=\"377\" \/> Manolo Garc\u00eda llega hoy por fin al auditorio Pr\u00edncipe Felipe (21 horas) con la gira \u00abLos d\u00edas intactos\u00bb, un concierto que tuvo que aplazar por una inoportuna apendicitis. Estaba previsto para mayo. En enero se hab\u00edan agotado las entradas en pocos d\u00edas. Manolo Garc\u00eda presenta en \u00abLos d\u00edas intactos\u00bb algunas de sus canciones del \u00faltimo disco, pero no deja de lado otros \u00e9xitos de su antiguo repertorio, como confirm\u00f3 a LA NUEVA ESPA\u00d1A la pasada semana. El m\u00fasico catal\u00e1n est\u00e1 arrollando en sus conciertos como es habitual desde que comenz\u00f3 su carrera. No obstante, como dijo en la entrevista con este peri\u00f3dico, cada noche es distinta y cada concierto se va acoplando al momento y al p\u00fablico. No faltan canciones de su etapa con \u00abLos R\u00e1pidos\u00bb, \u00abEl \u00daltimo de la Fila\u00bb o anteriores producciones en solitario.<\/p>\n<p>Lo que s\u00ed es evidente es que el cantante suma en su gran colecci\u00f3n de complicidades al p\u00fablico asturiano. Siempre recuerda su etapa en la mili, en Gij\u00f3n, los amigos que hizo mientras estuvo aqu\u00ed y la experiencia de aquellos tiempos en los que \u00e9l comenzaba una carrera, que acab\u00f3 siendo impresionante. En este nuevo disco Garc\u00eda mezcla estilos, aunque hay un eje central de la mano del guitarrista norteamericano Waddy Wachtel, uno de los colegas del \u00abStones\u00bb Keith Richards en sus aventuras en solitario. Para Manolo \u00e9sta fue una experiencia muy enriquecedora que, adem\u00e1s, le acerc\u00f3 a las guitarras del rock de siempre que tanto le gustan.<\/p>\n<p>Fuente: La Nueva Espa\u00f1a &#8211; <a href='http:\/\/www.lne.es\/oviedo\/2012\/10\/20\/manolo-garcia-llega-auditorio-gira-dias-intactos\/1314496.html?utm_medium=rss' target=_new>ENLACE<\/a><\/p>\n","protected":false},"excerpt":{"rendered":"<p>Manolo Garc\u00eda llega hoy por fin al auditorio Pr\u00edncipe Felipe (21 horas) con la gira \u00abLos d\u00edas intactos\u00bb, un concierto que tuvo que aplazar por una inoportuna apendicitis. Estaba previsto para mayo. En enero se hab\u00edan agotado las entradas en pocos d\u00edas. Manolo Garc\u00eda presenta en \u00abLos d\u00edas intactos\u00bb algunas de sus canciones del \u00faltimo<a class=\"moretag\" href=\"https:\/\/www.manologarciaycia.com\/?p=3981\" title=\"MG: Manolo Garc\u00eda llega al Auditorio con la gira \u00abLos d\u00edas intactos\u00bb\" target=\"_self\" rel=\"follow\"> <font face=arial size=2>[Leer m\u00e1s]<\/font> <\/a><\/p>\n","protected":false},"author":2,"featured_media":0,"comment_status":"closed","ping_status":"closed","sticky":false,"template":"","format":"standard","meta":{"footnotes":""},"categories":[1],"tags":[],"class_list":["post-3981","post","type-post","status-publish","format-standard","hentry","category-manolo-garcia"],"_links":{"self":[{"href":"https:\/\/www.manologarciaycia.com\/index.php?rest_route=\/wp\/v2\/posts\/3981","targetHints":{"allow":["GET"]}}],"collection":[{"href":"https:\/\/www.manologarciaycia.com\/index.php?rest_route=\/wp\/v2\/posts"}],"about":[{"href":"https:\/\/www.manologarciaycia.com\/index.php?rest_route=\/wp\/v2\/types\/post"}],"author":[{"embeddable":true,"href":"https:\/\/www.manologarciaycia.com\/index.php?rest_route=\/wp\/v2\/users\/2"}],"replies":[{"embeddable":true,"href":"https:\/\/www.manologarciaycia.com\/index.php?rest_route=%2Fwp%2Fv2%2Fcomments&post=3981"}],"version-history":[{"count":1,"href":"https:\/\/www.manologarciaycia.com\/index.php?rest_route=\/wp\/v2\/posts\/3981\/revisions"}],"predecessor-version":[{"id":3982,"href":"https:\/\/www.manologarciaycia.com\/index.php?rest_route=\/wp\/v2\/posts\/3981\/revisions\/3982"}],"wp:attachment":[{"href":"https:\/\/www.manologarciaycia.com\/index.php?rest_route=%2Fwp%2Fv2%2Fmedia&parent=3981"}],"wp:term":[{"taxonomy":"category","embeddable":true,"href":"https:\/\/www.manologarciaycia.com\/index.php?rest_route=%2Fwp%2Fv2%2Fcategories&post=3981"},{"taxonomy":"post_tag","embeddable":true,"href":"https:\/\/www.manologarciaycia.com\/index.php?rest_route=%2Fwp%2Fv2%2Ftags&post=3981"}],"curies":[{"name":"wp","href":"https:\/\/api.w.org\/{rel}","templated":true}]}}