{"id":398,"date":"2010-02-16T16:50:35","date_gmt":"2010-02-16T15:50:35","guid":{"rendered":"http:\/\/petaos.net\/?p=398"},"modified":"2010-02-16T16:51:38","modified_gmt":"2010-02-16T15:51:38","slug":"manolo-garcia-mas-que-posible-participacion-en-homenaje-a-antonio-vega-en-madrid-9abril2010","status":"publish","type":"post","link":"https:\/\/www.manologarciaycia.com\/?p=398","title":{"rendered":"Manolo Garc\u00eda: m\u00e1s que posible participaci\u00f3n en Homenaje a Antonio Vega en Madrid 9\/Abril\/2010"},"content":{"rendered":"<p>Homenaje a Antonio Vega en el Palacio de Deportes de Madrid (9\/Abril\/2010)<\/p>\n<div>\n<p>El concierto en el que la m\u00fasica espa\u00f1ola rendir\u00e1 tributo a Antonio Vega ser\u00e1 el Viernes 9 de Abril de 2010 en el Palacio de Deportes de la Comunidad de Madrid. Algunos de los mejores artistas de este pa\u00eds se unir\u00e1n a la banda de Antonio Vega para recordar un repertorio \u00fanico en la historia de la m\u00fasica espa\u00f1ola. Aqu\u00ed ten\u00e9is los primeros nombres que ya han confirmado su participaci\u00f3n. Muy pronto conoceremos muchos m\u00e1s !!<\/p>\n<p>PRIMEROS ARTISTAS CONFIRMADOS:<\/p>\n<p align=\"center\"><strong>Diego El Cigala\u00a0 |\u00a0 Ketama\u00a0 |\u00a0 Manolo Garc\u00eda\u00a0 |\u00a0 Miguel R\u00edos\u00a0 |\u00a0 Rosario\u00a0 |\u00a0 Teo Cardalda<\/strong><\/p>\n<p align=\"left\">* Quedan ya muy pocos d\u00edas para que comience la venta de entradas.<\/p>\n<p align=\"left\">Fuente: Antoniovega.org (<a href=\"http:\/\/antoniovega.org\/info\/?p=66\" target=\"_blank\">enlace<\/a>) &#8211; Aviso de Anai (gracias!) &#8211; M\u00e1s informaci\u00f3n: <a href=\"http:\/\/www.antoniovega.org\/foro\/viewtopic.php?f=1&amp;t=9901\" target=\"_blank\">Foro de AntonioVega.org <\/a><\/p>\n<\/div>\n","protected":false},"excerpt":{"rendered":"<p>Homenaje a Antonio Vega en el Palacio de Deportes de Madrid (9\/Abril\/2010) El concierto en el que la m\u00fasica espa\u00f1ola rendir\u00e1 tributo a Antonio Vega ser\u00e1 el Viernes 9 de Abril de 2010 en el Palacio de Deportes de la Comunidad de Madrid. Algunos de los mejores artistas de este pa\u00eds se unir\u00e1n a la<a class=\"moretag\" href=\"https:\/\/www.manologarciaycia.com\/?p=398\" title=\"Manolo Garc\u00eda: m\u00e1s que posible participaci\u00f3n en Homenaje a Antonio Vega en Madrid 9\/Abril\/2010\" target=\"_self\" rel=\"follow\"> <font face=arial size=2>[Leer m\u00e1s]<\/font> <\/a><\/p>\n","protected":false},"author":2,"featured_media":0,"comment_status":"closed","ping_status":"open","sticky":false,"template":"","format":"standard","meta":{"footnotes":""},"categories":[1,23],"tags":[],"class_list":["post-398","post","type-post","status-publish","format-standard","hentry","category-manolo-garcia","category-otros"],"_links":{"self":[{"href":"https:\/\/www.manologarciaycia.com\/index.php?rest_route=\/wp\/v2\/posts\/398","targetHints":{"allow":["GET"]}}],"collection":[{"href":"https:\/\/www.manologarciaycia.com\/index.php?rest_route=\/wp\/v2\/posts"}],"about":[{"href":"https:\/\/www.manologarciaycia.com\/index.php?rest_route=\/wp\/v2\/types\/post"}],"author":[{"embeddable":true,"href":"https:\/\/www.manologarciaycia.com\/index.php?rest_route=\/wp\/v2\/users\/2"}],"replies":[{"embeddable":true,"href":"https:\/\/www.manologarciaycia.com\/index.php?rest_route=%2Fwp%2Fv2%2Fcomments&post=398"}],"version-history":[{"count":2,"href":"https:\/\/www.manologarciaycia.com\/index.php?rest_route=\/wp\/v2\/posts\/398\/revisions"}],"predecessor-version":[{"id":400,"href":"https:\/\/www.manologarciaycia.com\/index.php?rest_route=\/wp\/v2\/posts\/398\/revisions\/400"}],"wp:attachment":[{"href":"https:\/\/www.manologarciaycia.com\/index.php?rest_route=%2Fwp%2Fv2%2Fmedia&parent=398"}],"wp:term":[{"taxonomy":"category","embeddable":true,"href":"https:\/\/www.manologarciaycia.com\/index.php?rest_route=%2Fwp%2Fv2%2Fcategories&post=398"},{"taxonomy":"post_tag","embeddable":true,"href":"https:\/\/www.manologarciaycia.com\/index.php?rest_route=%2Fwp%2Fv2%2Ftags&post=398"}],"curies":[{"name":"wp","href":"https:\/\/api.w.org\/{rel}","templated":true}]}}