{"id":3971,"date":"2012-10-17T10:24:21","date_gmt":"2012-10-17T08:24:21","guid":{"rendered":"http:\/\/www.manologarciaycia.com\/?p=3971"},"modified":"2012-10-17T10:27:10","modified_gmt":"2012-10-17T08:27:10","slug":"mg-manologarcia-abarrotara-elcoliseum","status":"publish","type":"post","link":"https:\/\/www.manologarciaycia.com\/?p=3971","title":{"rendered":"MG: Manolo Garcia abarrotara el Coliseum"},"content":{"rendered":"<p><img loading=\"lazy\" decoding=\"async\" class=\"alignleft\" src=\"https:\/\/fbcdn-sphotos-d-a.akamaihd.net\/hphotos-ak-prn1\/522814_278573215578625_1132807034_n.jpg\" alt=\"\" width=\"307\" height=\"507\" \/><br \/>\nEl cantautor barcelon\u00e9s ofrece desde hoy tres conciertos de presentaci\u00f3n en su ciudad del \u00faltimo disco, Los d\u00edas intactos. El Palau de la M\u00fasica recibi\u00f3\u00a0con los brazos abiertos el retorno a los escenarios de Manolo Garc\u00eda. Fue el pasado 1 de octubre. Este recital estaba inicialmente previsto para el\u00a0mes de mayo pero se pospuso hasta esa fecha por una operaci\u00f3n de apendicitis a la que se tuvo que someter el artista barcelon\u00e9s.<\/p>\n<p>Garc\u00eda no se queda ah\u00ed y repite actuaciones en Barcelona desde hoy en el Coliseum, con las entradas agotad\u00edsimas. Adem\u00e1s del de hoy, habr\u00e1 dos directos m\u00e1s en el mismo escenario de la Gran Via los d\u00edas 23 y 24 de octubre. El cantante del Poblenou y lejano integrante de El \u00daltimo de la Fila junto a Quimi Portet, presenta el disco Los d\u00edas intactos. Gran Via, 595. Hoy a partir de las 21.30 horas. Entradas agotadas.<\/p>\n<p>Sin perder de vista su trayectoria: Estos conciertos son parte de la gira teatral con la que Manolo Garc\u00eda da a conocer Los d\u00edas intactos. Adem\u00e1s, repasar\u00e1 toda su discograf\u00eda, como es costumbre en \u00e9l. El disco Los d\u00edas intactos se ha mantenido tres semanas consecutivas como n\u00famero 1 de ventas y ya es Doble Disco de Platino.<\/p>\n<p>Fuente: 20 Minutos Ed. Barcelona<\/p>\n","protected":false},"excerpt":{"rendered":"<p>El cantautor barcelon\u00e9s ofrece desde hoy tres conciertos de presentaci\u00f3n en su ciudad del \u00faltimo disco, Los d\u00edas intactos. El Palau de la M\u00fasica recibi\u00f3\u00a0con los brazos abiertos el retorno a los escenarios de Manolo Garc\u00eda. Fue el pasado 1 de octubre. Este recital estaba inicialmente previsto para el\u00a0mes de mayo pero se pospuso hasta<a class=\"moretag\" href=\"https:\/\/www.manologarciaycia.com\/?p=3971\" title=\"MG: Manolo Garcia abarrotara el Coliseum\" target=\"_self\" rel=\"follow\"> <font face=arial size=2>[Leer m\u00e1s]<\/font> <\/a><\/p>\n","protected":false},"author":2,"featured_media":0,"comment_status":"closed","ping_status":"closed","sticky":false,"template":"","format":"standard","meta":{"footnotes":""},"categories":[1],"tags":[],"class_list":["post-3971","post","type-post","status-publish","format-standard","hentry","category-manolo-garcia"],"_links":{"self":[{"href":"https:\/\/www.manologarciaycia.com\/index.php?rest_route=\/wp\/v2\/posts\/3971","targetHints":{"allow":["GET"]}}],"collection":[{"href":"https:\/\/www.manologarciaycia.com\/index.php?rest_route=\/wp\/v2\/posts"}],"about":[{"href":"https:\/\/www.manologarciaycia.com\/index.php?rest_route=\/wp\/v2\/types\/post"}],"author":[{"embeddable":true,"href":"https:\/\/www.manologarciaycia.com\/index.php?rest_route=\/wp\/v2\/users\/2"}],"replies":[{"embeddable":true,"href":"https:\/\/www.manologarciaycia.com\/index.php?rest_route=%2Fwp%2Fv2%2Fcomments&post=3971"}],"version-history":[{"count":4,"href":"https:\/\/www.manologarciaycia.com\/index.php?rest_route=\/wp\/v2\/posts\/3971\/revisions"}],"predecessor-version":[{"id":3975,"href":"https:\/\/www.manologarciaycia.com\/index.php?rest_route=\/wp\/v2\/posts\/3971\/revisions\/3975"}],"wp:attachment":[{"href":"https:\/\/www.manologarciaycia.com\/index.php?rest_route=%2Fwp%2Fv2%2Fmedia&parent=3971"}],"wp:term":[{"taxonomy":"category","embeddable":true,"href":"https:\/\/www.manologarciaycia.com\/index.php?rest_route=%2Fwp%2Fv2%2Fcategories&post=3971"},{"taxonomy":"post_tag","embeddable":true,"href":"https:\/\/www.manologarciaycia.com\/index.php?rest_route=%2Fwp%2Fv2%2Ftags&post=3971"}],"curies":[{"name":"wp","href":"https:\/\/api.w.org\/{rel}","templated":true}]}}