{"id":3959,"date":"2012-10-16T08:42:09","date_gmt":"2012-10-16T06:42:09","guid":{"rendered":"http:\/\/www.manologarciaycia.com\/?p=3959"},"modified":"2012-10-16T08:42:09","modified_gmt":"2012-10-16T06:42:09","slug":"mg-existo-para-el-ministerio-de-hacienda-no-para-el-de-cultura","status":"publish","type":"post","link":"https:\/\/www.manologarciaycia.com\/?p=3959","title":{"rendered":"MG: \u00abExisto para el Ministerio de Hacienda, no para el de Cultura\u00bb"},"content":{"rendered":"<p><img loading=\"lazy\" decoding=\"async\" alt=\"\" src=\"http:\/\/www.elcomercio.es\/prensa\/noticias\/201210\/16\/fotos\/11175030.jpg\" class=\"alignleft\" width=\"300\" height=\"502\" \/> Despu\u00e9s de haber tenido que cancelar su concierto en Oviedo en mayo, se resarce este s\u00e1bado en el Auditorio Pr\u00edncipe Felipe. <\/p>\n<p>Manolo Garc\u00eda (Poblenou, 1955) lo tiene bastante claro. Tiene claro por qu\u00e9 hace m\u00fasica, por qu\u00e9 se dedica a esto y lo desgrana con voz tranquila. Hasta que sale la pirater\u00eda, se enciende y se vuelve a calmar: la palabra &#8216;edad&#8217; acude varias veces durante la conversaci\u00f3n. Ya no es un chaval ni para lo malo ni para lo bueno: en mayo tuvo que cancelar su concierto en Oviedo por culpa de una apendicitis. Ahora, plenamente recuperado, vuelve a la carga. Este s\u00e1bado (las entradas originales siguen siendo v\u00e1lidas) ajusta cuentas en el Auditorio Pr\u00edncipe Felipe.<\/p>\n<p>-Hablamos de casi 30 a\u00f1os de carrera con todo tipo de resultados. \u00bfSe queda con la satisfacci\u00f3n de un estadio lleno o con la de acabar uno de sus cuadros en la intimidad?<br \/>\n-Depende de los d\u00edas. La pintura es una forma de evasi\u00f3n, de aislamiento del marasmo del mundo, y en cambio la m\u00fasica es acercarte, es provocar, es ser la espoleta que hace detonar la energ\u00eda. Son cosas diferentes, aunque es cierto que en los \u00faltimos a\u00f1os estoy disfrutando m\u00e1s de las horas de composici\u00f3n y de estudio. Este es un nuevo tiempo, basado en dedicarle horas a buscar acordes, sonidos, letras y a revisar.<\/p>\n<p>-\u00bfHasta qu\u00e9 punto compensa ser un artista en solitario? \u00bfQu\u00e9 peso recae sobre usted con respecto al que supon\u00eda estar en una banda?<br \/>\n-A m\u00ed me ha llegado en una edad estupenda, porque yo siempre he entendido que el grupo es importante cuando eres joven y est\u00e1s empezando. Vengo de un momento en el que no hab\u00eda las oportunidades que hay ahora: ahora un chaval solo puede hacer un disco. Entonces, hab\u00eda que ir a un estudio, que alguien lo pagase y llegar, por tanto, ensayado y con buenas canciones. Viajar en manada, en fin, te ense\u00f1a a cazar. En una edad m\u00e1s adulta, piensas de otra forma.<\/p>\n<p>-Ha mencionado la \u00abinversi\u00f3n\u00bb. \u00bfHan perdido esos inversores (las discogr\u00e1ficas) el papel de seleccionadores del talento?<br \/>\n-El partido ha cambiado. Ya no es que juguemos distinto, es que jugamos a algo diferente. Durante d\u00e9cadas, en este negocio alguien encontraba un talento, invert\u00eda en \u00e9l y tiraba, as\u00ed, diez dardos a la diana. Con que dieran dos y otros cuatro se acercasen se recuperaba la inversi\u00f3n: y al que no funcionaba, patada y fuera. Ese panorama ha cambiado y se ha barrido el modelo, porque las compa\u00f1\u00edas ten\u00edan unos activos que no han sabido aprovechar. Y ahora no son nada, no hacen m\u00e1s que reba\u00f1ar lo que pueden del plato. Se apagan lentamente: ya no invierten en un artista nuevo, ahora esperan a que Facebook y Twitter y todo eso saquen un artista adelante y sacarle lo que puedan. En el mejor de los casos, viven del recopilatorio, de resucitar lo pasado. Pero bueno, con pesetas o sin ellas, el que ha tenido vocaci\u00f3n musical ha seguido intentando hacerla.<\/p>\n<p>-Ya que saca el tema, los discos de El \u00faltimo de la fila no est\u00e1n en la plataforma digital de pago Spotify.<br \/>\n-Me he negado. Los de Manolo Garc\u00eda, por circunstancias, s\u00ed est\u00e1n, pero no los de El \u00faltimo de la fila, porque estoy hasta ah\u00ed de que nos roben y de que nos traten como a idiotas. Prefiero mil veces que la gente de la calle, la gente llana, se baje nuestras canciones a que se est\u00e9 forrando un ceporro en un para\u00edso fiscal. Porque es \u00e9l quien tiene el cuentakil\u00f3metros puesto, \u00e9l es quien decide cu\u00e1nta gente te ha escuchado y cu\u00e1nto tiene que pagarte. Que me roben, s\u00ed, pero que me roben a sabiendas. Que me robe la gente, no el que ya me robaba cuando empez\u00f3 internet. Todo gratis, todo gratis&#8230; Que s\u00ed, colega, que si quieres hacemos la revoluci\u00f3n, pero si la hacemos habr\u00e1 hostias: todo de todos, \u00bfeh? \u00c1breme la puerta de tu casa y te vac\u00edo la nevera.<\/p>\n<p>-Le veo vehemente. \u00bfQui\u00e9n puede tener la soluci\u00f3n?<br \/>\n-La tendr\u00eda el sentido com\u00fan, si nos quedara algo. Yo te hablo con vehemencia, pero paso de todo. Te aseguro que no me voy a amargar la vida, que cuando terminemos de hablar me pondr\u00e9 a pintar y listo. Solo me cabrea que se castigue a la gente que se baja m\u00fasica y no a quien la pone a su alcance. \u00bfLas soluciones? Yo no las tengo: existo para el Ministerio de Hacienda, pero no para el de Cultura.<\/p>\n<p>-Bueno, no se enfade. Usted es carne de directo, que parece el futuro (econ\u00f3mico) de la m\u00fasica. \u00bfHasta cu\u00e1ndo se ve en escena?<br \/>\n-A veces pienso, al ver a aut\u00e9nticos veteranos, que por qu\u00e9 no seguir. A veces, que conviene dejarlo en un punto alto&#8230; \u00bfHasta qu\u00e9 edad seguir\u00e9? No lo s\u00e9. No me gusta enjaular el tiempo. Me gusta el hilo de los a\u00f1os, vivir con las estaciones, darme un ba\u00f1o cuando hace calor y refugiarme con la estufa cuando hace fr\u00edo. Es decir, si un d\u00eda no tengo ganas, dejar\u00e9 de hacerlo. Pero lo sigo pasando bien&#8230;<\/p>\n<p>Fuente: El Comercio &#8211; <a href='http:\/\/www.elcomercio.es\/v\/20121016\/cultura\/existo-para-ministerio-hacienda-20121016.html' target=_new>ENLACE<\/a><\/p>\n","protected":false},"excerpt":{"rendered":"<p>Despu\u00e9s de haber tenido que cancelar su concierto en Oviedo en mayo, se resarce este s\u00e1bado en el Auditorio Pr\u00edncipe Felipe. Manolo Garc\u00eda (Poblenou, 1955) lo tiene bastante claro. Tiene claro por qu\u00e9 hace m\u00fasica, por qu\u00e9 se dedica a esto y lo desgrana con voz tranquila. Hasta que sale la pirater\u00eda, se enciende y<a class=\"moretag\" href=\"https:\/\/www.manologarciaycia.com\/?p=3959\" title=\"MG: \u00abExisto para el Ministerio de Hacienda, no para el de Cultura\u00bb\" target=\"_self\" rel=\"follow\"> <font face=arial size=2>[Leer m\u00e1s]<\/font> <\/a><\/p>\n","protected":false},"author":2,"featured_media":0,"comment_status":"closed","ping_status":"closed","sticky":false,"template":"","format":"standard","meta":{"footnotes":""},"categories":[1],"tags":[],"class_list":["post-3959","post","type-post","status-publish","format-standard","hentry","category-manolo-garcia"],"_links":{"self":[{"href":"https:\/\/www.manologarciaycia.com\/index.php?rest_route=\/wp\/v2\/posts\/3959","targetHints":{"allow":["GET"]}}],"collection":[{"href":"https:\/\/www.manologarciaycia.com\/index.php?rest_route=\/wp\/v2\/posts"}],"about":[{"href":"https:\/\/www.manologarciaycia.com\/index.php?rest_route=\/wp\/v2\/types\/post"}],"author":[{"embeddable":true,"href":"https:\/\/www.manologarciaycia.com\/index.php?rest_route=\/wp\/v2\/users\/2"}],"replies":[{"embeddable":true,"href":"https:\/\/www.manologarciaycia.com\/index.php?rest_route=%2Fwp%2Fv2%2Fcomments&post=3959"}],"version-history":[{"count":1,"href":"https:\/\/www.manologarciaycia.com\/index.php?rest_route=\/wp\/v2\/posts\/3959\/revisions"}],"predecessor-version":[{"id":3960,"href":"https:\/\/www.manologarciaycia.com\/index.php?rest_route=\/wp\/v2\/posts\/3959\/revisions\/3960"}],"wp:attachment":[{"href":"https:\/\/www.manologarciaycia.com\/index.php?rest_route=%2Fwp%2Fv2%2Fmedia&parent=3959"}],"wp:term":[{"taxonomy":"category","embeddable":true,"href":"https:\/\/www.manologarciaycia.com\/index.php?rest_route=%2Fwp%2Fv2%2Fcategories&post=3959"},{"taxonomy":"post_tag","embeddable":true,"href":"https:\/\/www.manologarciaycia.com\/index.php?rest_route=%2Fwp%2Fv2%2Ftags&post=3959"}],"curies":[{"name":"wp","href":"https:\/\/api.w.org\/{rel}","templated":true}]}}