{"id":3955,"date":"2012-10-13T07:38:21","date_gmt":"2012-10-13T05:38:21","guid":{"rendered":"http:\/\/www.manologarciaycia.com\/?p=3955"},"modified":"2012-10-13T07:39:40","modified_gmt":"2012-10-13T05:39:40","slug":"mg-una-noche-con-manolo","status":"publish","type":"post","link":"https:\/\/www.manologarciaycia.com\/?p=3955","title":{"rendered":"MG: Una noche con Manolo"},"content":{"rendered":"<p>Manolo Garc\u00eda present\u00f3 en el Palacio Euskalduna, que se encontraba pr\u00e1cticamente lleno, su \u00faltimo trabajo, &#8216;Los d\u00edas intactos&#8217;. No import\u00f3 que el d\u00eda fuera festivo. El Palacio Euskalduna se encontraba pr\u00e1cticamente lleno. Casi dos mil personas se acercaron a ver a Manolo Garc\u00eda, el que fuera compa\u00f1ero de Quimi Portet en el d\u00fao &#8216;El \u00faltimo de la fila&#8217;, que tanto entusiasmaron en los a\u00f1os noventa. El cantante catal\u00e1n, que tuvo que aplazar en junio el concierto que ten\u00eda apalabrado en Bilbao al ser operado de apendicitis con urgencia, se ha resarcido con creces ante su p\u00fablico. Ha tocado dos d\u00edas en la villa, 11 y 12 de octubre, y ha dejado el pabell\u00f3n muy alto. Lleg\u00f3 a Bilbao el jueves tras haber pasado por Barcelona y Valladolid en una gira que concluir\u00e1 el pr\u00f3ximo 4 de diciembre en Madrid. En San Sebasti\u00e1n tocar\u00e1 el 28 de noviembre en el Kursaal y el 30 de ese mismo mes lo har\u00e1 en el Iradier Arena de Vitoria.<\/p>\n<p>El cantante y compositor barcelon\u00e9s present\u00f3 al p\u00fablico, expectante por o\u00edrle cantar, los temas de su \u00faltimo trabajo, &#8216;Los d\u00edas intactos&#8217;, el quinto CD que graba en solitario y con el que ya ha conseguido ser triple disco de platino. El concierto comenz\u00f3 poco m\u00e1s tarde de las nueve de la noche. Los espectadores, una vez se apagaron las luces, corearon el nombre del cantante. Cuando sali\u00f3 al escenario -luc\u00eda chaqueta y pantal\u00f3n oscuro-, los gritos arreciaron. El ruido era tan intenso que apenas se le oy\u00f3 decir que hab\u00eda que cuidar la cultura y lengua propia en este mundo irremediablemente globalizado. Minutos antes, a las ocho y media, cientos de personas merodeaban por los alrededores del Euskalduna.<\/p>\n<p><\/p>\n<p>Por all\u00ed estaban Marta Pulido, \u00c1ngel Cano, Miren Garc\u00eda, que a pesar del apellido no tiene nada que ver con el cantante, Isabel Soria, Jorge Vargas, Vicente D\u00edez, Idoia Santiago, C\u00e1ndido Blanco, Gema D\u00edez, Javi Guti\u00e9rrez, Ainhoa Alvarado, Virginia Castilla, Enrique Jim\u00e9nez, que vino desde Vitoria, Bego\u00f1a Garc\u00eda y sus sobrinas, Leire y Naiara Garc\u00eda. Asimismo estuvieron Beatriz Reino, Guillermo Miedes, Xabier Bisquert, Janire Jorge, el ciclista Jon Pena, Tamara Lobato, Carmen Acebedo, Aitor Vild\u00f3sola, Luis Reguero, Arantza Redondo, Ra\u00fal Garc\u00eda, Paula Ruiz, Manuel Marcos, Blancanieves Garc\u00eda, que luc\u00eda un bonito sombrero negro, Gurutz Telleria, Sergio Ortega, Eva y Ana Fern\u00e1ndez, Domingo Estenaga, Miren Josune Real, Amaia Garc\u00eda, Zuri\u00f1e de la Torre, Asier Garc\u00eda, Merche Sancho, I\u00f1aki Friera, Patxi Garc\u00eda, Mar\u00eda Jos\u00e9 Barbar\u00edn, Aroa \u00c1lvarez, Soledad Sousa, Estela y Sonia Rico, Mikel Hern\u00e1ndez, Edorta S\u00e1ez, Marta Arbaizagoitia, Mar\u00eda Llinares, Roberto Fern\u00e1ndez, Maialen M\u00ednguez, Raquel Carrancio, Arantza Lorenzo y Amaia Guisasola.<\/p>\n<p>Fuente: El Correo &#8211; <a href='http:\/\/www.elcorreo.com\/vizcaya\/v\/20121013\/cultura\/noche-manolo-20121013.html' target=_new>ENLACE<\/a><\/p>\n","protected":false},"excerpt":{"rendered":"<p>Manolo Garc\u00eda present\u00f3 en el Palacio Euskalduna, que se encontraba pr\u00e1cticamente lleno, su \u00faltimo trabajo, &#8216;Los d\u00edas intactos&#8217;. No import\u00f3 que el d\u00eda fuera festivo. El Palacio Euskalduna se encontraba pr\u00e1cticamente lleno. Casi dos mil personas se acercaron a ver a Manolo Garc\u00eda, el que fuera compa\u00f1ero de Quimi Portet en el d\u00fao &#8216;El \u00faltimo<a class=\"moretag\" href=\"https:\/\/www.manologarciaycia.com\/?p=3955\" title=\"MG: Una noche con Manolo\" target=\"_self\" rel=\"follow\"> <font face=arial size=2>[Leer m\u00e1s]<\/font> <\/a><\/p>\n","protected":false},"author":2,"featured_media":0,"comment_status":"closed","ping_status":"closed","sticky":false,"template":"","format":"standard","meta":{"footnotes":""},"categories":[1],"tags":[],"class_list":["post-3955","post","type-post","status-publish","format-standard","hentry","category-manolo-garcia"],"_links":{"self":[{"href":"https:\/\/www.manologarciaycia.com\/index.php?rest_route=\/wp\/v2\/posts\/3955","targetHints":{"allow":["GET"]}}],"collection":[{"href":"https:\/\/www.manologarciaycia.com\/index.php?rest_route=\/wp\/v2\/posts"}],"about":[{"href":"https:\/\/www.manologarciaycia.com\/index.php?rest_route=\/wp\/v2\/types\/post"}],"author":[{"embeddable":true,"href":"https:\/\/www.manologarciaycia.com\/index.php?rest_route=\/wp\/v2\/users\/2"}],"replies":[{"embeddable":true,"href":"https:\/\/www.manologarciaycia.com\/index.php?rest_route=%2Fwp%2Fv2%2Fcomments&post=3955"}],"version-history":[{"count":2,"href":"https:\/\/www.manologarciaycia.com\/index.php?rest_route=\/wp\/v2\/posts\/3955\/revisions"}],"predecessor-version":[{"id":3957,"href":"https:\/\/www.manologarciaycia.com\/index.php?rest_route=\/wp\/v2\/posts\/3955\/revisions\/3957"}],"wp:attachment":[{"href":"https:\/\/www.manologarciaycia.com\/index.php?rest_route=%2Fwp%2Fv2%2Fmedia&parent=3955"}],"wp:term":[{"taxonomy":"category","embeddable":true,"href":"https:\/\/www.manologarciaycia.com\/index.php?rest_route=%2Fwp%2Fv2%2Fcategories&post=3955"},{"taxonomy":"post_tag","embeddable":true,"href":"https:\/\/www.manologarciaycia.com\/index.php?rest_route=%2Fwp%2Fv2%2Ftags&post=3955"}],"curies":[{"name":"wp","href":"https:\/\/api.w.org\/{rel}","templated":true}]}}