{"id":3920,"date":"2012-10-04T09:12:18","date_gmt":"2012-10-04T07:12:18","guid":{"rendered":"http:\/\/www.manologarciaycia.com\/?p=3920"},"modified":"2012-10-04T09:13:49","modified_gmt":"2012-10-04T07:13:49","slug":"mg-exposicion-de-manolo-garcia-en-tarragona","status":"publish","type":"post","link":"https:\/\/www.manologarciaycia.com\/?p=3920","title":{"rendered":"MG: Exposici\u00f3n de Manolo Garc\u00eda en Tarragona"},"content":{"rendered":"<p><img loading=\"lazy\" decoding=\"async\" alt=\"\" src=\"http:\/\/www.manolo-garcia.com\/sites\/mgarcia\/files\/imagecache\/600wide_max\/Manolo%20exposicion%20Tarragona.jpg\" class=\"aligncenter\" width=\"525\" height=\"743\" \/><\/p>\n<p>Fuente: Manolo Garc\u00eda &#8211; <a href='http:\/\/www.manolo-garcia.com\/news\/exposici%C3%B3n-de-manolo-garc%C3%ADa-en-tarragona' target=_new> ENLACE <\/a><\/p>\n<p>El m\u00fasico y cantante barcelon\u00e9s Manolo Garc\u00eda, exintegrante de El \u00daltimo de la Fila, expone desde ma\u00f1ana y hasta el 21 de octubre una selecci\u00f3n de sus pinturas en el antiguo edificio del Ayuntamiento de Tarragona, informa su discogr\u00e1fica, Perro Records. La muestra se inscribe en los actos del XXV aniversario de La Mulassa de Tarragona, y dentro de la capitalidad de la cultura catalana que ostenta este a\u00f1o Tarragona.<br \/>\nAs\u00ed, el cantante barcelon\u00e9s, gran aficionado tambi\u00e9n a la pintura y a la fotograf\u00eda, expondr\u00e1 en la ciudad en colaboraci\u00f3n con la \u00abMulassa de Tarragona\u00bb, entidad del Cortejo Popular que celebra el 25 aniversario de la recuperaci\u00f3n de este elemento emblem\u00e1tico de la cultura popular tarraconense.<br \/>\nGarc\u00eda, que actu\u00f3 en Tarragona el pasado mes de julio en el marco del festival ETC, acept\u00f3 entonces la propuesta de la entidad tarraconense. Adem\u00e1s, los miembros de la Mulassa lo denominaron Padrino de honor del 25 aniversario por su reconocida tarea en el mundo cultural y su colaboraci\u00f3n e implicaci\u00f3n con las entidades no gubernamentales. Manolo Garc\u00eda es, como dice el t\u00edtulo de su exposici\u00f3n, \u00abun esc\u00e9ptico participativo\u00bb, un artista multidisciplinar que se implica en la defensa de la cultura, el ecologismo, las obras sociales.<\/p>\n<p>Fuente: La Vanguardia &#8211; <a href='http:\/\/www.lavanguardia.com\/ocio\/20121003\/54351563231\/manolo-garcia-expone-pinturas-tarragona.html' target=_new> ENLACE <\/a><\/p>\n","protected":false},"excerpt":{"rendered":"<p>Fuente: Manolo Garc\u00eda &#8211; ENLACE El m\u00fasico y cantante barcelon\u00e9s Manolo Garc\u00eda, exintegrante de El \u00daltimo de la Fila, expone desde ma\u00f1ana y hasta el 21 de octubre una selecci\u00f3n de sus pinturas en el antiguo edificio del Ayuntamiento de Tarragona, informa su discogr\u00e1fica, Perro Records. La muestra se inscribe en los actos del XXV<a class=\"moretag\" href=\"https:\/\/www.manologarciaycia.com\/?p=3920\" title=\"MG: Exposici\u00f3n de Manolo Garc\u00eda en Tarragona\" target=\"_self\" rel=\"follow\"> <font face=arial size=2>[Leer m\u00e1s]<\/font> <\/a><\/p>\n","protected":false},"author":2,"featured_media":0,"comment_status":"closed","ping_status":"closed","sticky":false,"template":"","format":"standard","meta":{"footnotes":""},"categories":[1],"tags":[],"class_list":["post-3920","post","type-post","status-publish","format-standard","hentry","category-manolo-garcia"],"_links":{"self":[{"href":"https:\/\/www.manologarciaycia.com\/index.php?rest_route=\/wp\/v2\/posts\/3920","targetHints":{"allow":["GET"]}}],"collection":[{"href":"https:\/\/www.manologarciaycia.com\/index.php?rest_route=\/wp\/v2\/posts"}],"about":[{"href":"https:\/\/www.manologarciaycia.com\/index.php?rest_route=\/wp\/v2\/types\/post"}],"author":[{"embeddable":true,"href":"https:\/\/www.manologarciaycia.com\/index.php?rest_route=\/wp\/v2\/users\/2"}],"replies":[{"embeddable":true,"href":"https:\/\/www.manologarciaycia.com\/index.php?rest_route=%2Fwp%2Fv2%2Fcomments&post=3920"}],"version-history":[{"count":2,"href":"https:\/\/www.manologarciaycia.com\/index.php?rest_route=\/wp\/v2\/posts\/3920\/revisions"}],"predecessor-version":[{"id":3923,"href":"https:\/\/www.manologarciaycia.com\/index.php?rest_route=\/wp\/v2\/posts\/3920\/revisions\/3923"}],"wp:attachment":[{"href":"https:\/\/www.manologarciaycia.com\/index.php?rest_route=%2Fwp%2Fv2%2Fmedia&parent=3920"}],"wp:term":[{"taxonomy":"category","embeddable":true,"href":"https:\/\/www.manologarciaycia.com\/index.php?rest_route=%2Fwp%2Fv2%2Fcategories&post=3920"},{"taxonomy":"post_tag","embeddable":true,"href":"https:\/\/www.manologarciaycia.com\/index.php?rest_route=%2Fwp%2Fv2%2Ftags&post=3920"}],"curies":[{"name":"wp","href":"https:\/\/api.w.org\/{rel}","templated":true}]}}