{"id":3918,"date":"2012-10-03T15:52:43","date_gmt":"2012-10-03T13:52:43","guid":{"rendered":"http:\/\/www.manologarciaycia.com\/?p=3918"},"modified":"2012-10-03T15:52:43","modified_gmt":"2012-10-03T13:52:43","slug":"mg-la-musica-es-magnifica-quita-la-amargura-de-ver-como-nos-apalean","status":"publish","type":"post","link":"https:\/\/www.manologarciaycia.com\/?p=3918","title":{"rendered":"MG: \u00abLa m\u00fasica es magn\u00edfica, quita la amargura de ver c\u00f3mo nos apalean\u00bb"},"content":{"rendered":"<p><img loading=\"lazy\" decoding=\"async\" alt=\"\" src=\"http:\/\/www.elnortedecastilla.es\/noticias\/201210\/03\/Media\/17907754.jpg\" class=\"alignleft\" width=\"300\" height=\"180\" \/> Manolo Garc\u00eda actuar\u00e1 el s\u00e1bado en la Plaza de Toros cubierta del municipio vallisoletano de La Flecha ante m\u00e1s de 4.000 personas. <\/p>\n<p>\u2013A pesar de la lumbalgia y de la apendicitis que le han aquejado este a\u00f1o, \u00bfllega al concierto en plena forma?<br \/>\n\u2013Por supuesto. Quiz\u00e1s a partir de ahora tenga que plantearme giras m\u00e1s cortas, porque en el escenario no puedo ser est\u00e1tico, pero ya lo ir\u00e9 viendo. Ganas, musicalmente hablando, siempre las tengo. He estado de baja y de muy mal humor. La m\u00fasica es mi vida, mi ilusi\u00f3n, y si encima, eso aporta emociones, pues mejor. No lo voy a dejar ni por una lumbalgia ni por nada. Tengo causas para la m\u00fasica muy interiores, me resulta una cita magn\u00edfica, me quita malos tragos, amargura de ver c\u00f3mo nos apalean, aporrean y nos mantienen a raya con el miedo y con la mierda de la econom\u00eda. La m\u00fasica es vital, y sin ella, no puedo vivir.<\/p>\n<p>\u2013\u00bfEs consciente de lo privilegiado que es: hace lo que quiere, disfruta de ello y le va bien?<br \/>\n\u2013S\u00ed, lo agradezco cada d\u00eda porque es lo que yo he elegido, lo que decid\u00ed con 14 a\u00f1os. He vivido con ese salvavidas que para m\u00ed ha sido siempre la m\u00fasica, un salvavidas para alejar el gris de los d\u00edas que a veces nos invade a todos.<\/p>\n<p> completa<\/p>\n<p>\u2013&#8217;Los d\u00edas intactos&#8217;, el t\u00edtulo de su \u00faltimo y quinto disco en solitario, son esos en los que a\u00fan no le ha agredido la realidad. \u00bfHuye de ella?<br \/>\n\u2013No, la afronto con valent\u00eda, a pecho descubierto. La m\u00fasica es una coraza estupenda para lanzarte a la lucha cruenta pero pac\u00edfica del d\u00eda a d\u00eda. La m\u00fasica es un don de los dioses, una religi\u00f3n.<\/p>\n<p>\u2013Tampoco pretende cambiar el mundo con su m\u00fasica&#8230;<br \/>\n\u2013No, ser\u00eda un majadero si lo pensara. Eso es imposible, primero porque el mundo es un lugar, desde que tenemos noticia de \u00e9l, desarreglado a la vez que magn\u00edfico. Y es que nuestra presencia es un elemento perturbador, extra\u00f1o, con una parte de demonios y otra de \u00e1ngeles. Para algunas cosas somos magn\u00edficos, y para otras, somos muy asnos. Pero hay que quedarse con lo bueno, merece la pena la existencia y hay que aprovecharla.<\/p>\n<p>\u2013Siempre se ha mostrado pesimista con el mundo que le ha tocado vivir. \u00bfC\u00f3mo vive la crisis actual?<br \/>\n\u2013Es una salvajada lo que estamos viviendo, es de locos que los intereses de cuatro personas tengan en jaque a todo un continente y hagan malvivir a millones de personas y entrar en un pozo sin fondo de depresi\u00f3n, tristeza, angustia, de no poder llegar a fin de mes. Algo est\u00e1 mal en estas formas de gobierno y estas normas y zarandajas, porque el resultado es solo beneficioso para unos pocos. Es muy injusto y soy pesimista, pero no derrotista, porque todo tiene arreglo. Tambi\u00e9n hay otro tema muy gordo, y que est\u00e1 por encima, que es el cambio clim\u00e1tico. En unas d\u00e9cadas, la crisis que estamos ahora atravesando quedar\u00e1 en mantillas, pero si se cambiara el modo de vida y la forma de estar en este planeta y se regenerara el sistema, se abrir\u00edan muchas posibilidades para dar v\u00eda libre a este callej\u00f3n sin salida, donde ahora, hoy por hoy, solo se habla de constre\u00f1ir y machacar, y no de buscar nuevos modelos de intercambio y de trabajo.<\/p>\n<p>\u2013Como catal\u00e1n, \u00bfse siente identificado con el movimiento independentista?<br \/>\n\u2013Hay una dualidad en mi vida, soy catal\u00e1n de nacimiento y de afinidad y cari\u00f1o a esta tierra donde me he criado y vivo. Pero tambi\u00e9n tengo mi parte de Murcia, de donde procede mi familia, y me he quedado en ciudadano del mundo. Entiendo que es una idea respetable la de quienes desean un estado propio, otra cosa es si se va a hacer y c\u00f3mo. Y es que las fronteras son puntuales en el tiempo, han cambiado a lo largo de la historia, y nada es imposible si se hace de forma democr\u00e1tica, pac\u00edfica y con un consenso general. Porque la democracia sirve para dar libertad a la gente para opinar y decidir, y todo es posible dentro de un punto de razonamiento y de racionalidad.<\/p>\n<p>\u2013\u00bfTiene aparcada hasta el final de la gira la creaci\u00f3n de nuevas canciones?<br \/>\n\u2013El trabajo de creaci\u00f3n, tanto de hacer canciones como de pintar, es cuando llega. La gira significa aviones, trenes, hoteles, y el cuerpo se cansa, pero tambi\u00e9n hay d\u00edas descansados y te apetece tocar, componer y escribir. Y yo no paro, pero lo importante es no querer sacar canciones a machamartillo, porque nunca llaman a la puerta, sino que llegan de forma suave y casualmente. Pero tiene que haber tiempo, callejear, escuchar y relacionarte con gente ajena a tu mundo. Eso te da canciones y ganas de compartir esos nuevos hallazgos.<\/p>\n<p>\u2013\u00bfEl \u00faltimo disco se parece m\u00e1s al primero al menos porque no ha experimentado con m\u00fasicas de otros lugares?<br \/>\n\u2013Son diferentes etapas y momentos, quiz\u00e1 de la mano de los acontecimientos que vivimos. Y fruto de esa observaci\u00f3n, sale un sentimiento de rabia e indignaci\u00f3n, que uno tambi\u00e9n tiene. Quiz\u00e1 el disco ha salido m\u00e1s rockero por eso, dando m\u00e1s ponderancia a las guitarras, con un sonido m\u00e1s duro donde antes investigaba m\u00fasica de Grecia o de Brasil.<\/p>\n<p>\u2013Qu\u00e9 significa un exitoso quinto t\u00edtulo (triple disco de platino) en una carrera en la que ya no tiene nada que demostrar?<br \/>\n\u2013Significa la posibilidad de un nuevo discurso, porque no eres el mismo, siempre hay una persona nueva en t\u00ed, un nuevo camino por desbrozar, por ir avanzando y la m\u00fasica te ofrece esa posibilidad. Hago canciones por una necesidad de contar y cada disco es eso. No significa vender m\u00e1s discos, adem\u00e1s en el tiempo que estamos lo de vender discos es como una broma. Es importante no claudicar ante la rutina, ser\u00eda una derrota, hay muchas cosas por hacer, como alejarte de ti mismo y pensar en los otros, al menos haci\u00e9ndoles compa\u00f1\u00eda. Y hacer canciones y ofrecerlas es una forma de ello, algo de lo que no te puede privar ning\u00fan decreto, orden ni pol\u00edtico.<\/p>\n<p>\u2013\u00bfQu\u00e9 diferencias encuentra entre el cantante de El \u00daltimo de la Fila y el actual?<br \/>\n\u2013Como m\u00fasico, quiero pensar que algo he aprendido y que he entrado en una etapa en la que quiero seguir aprendiendo. No hay diferencias en el sentido del entusiasmo por la m\u00fasica, por convivir durante horas en los conciertos con gente que comparte con la m\u00fasica. Pero ahora, adem\u00e1s, el inter\u00e9s me ha crecido, porque no puedo vivir sin m\u00fasica, es para m\u00ed una pasi\u00f3n. No soy m\u00e1s esc\u00e9ptico ni estoy m\u00e1s desenga\u00f1ado de la industria del disco que antes, porque nunca me ha mostrado un camino dorado, he sabido siempre lo que era. Pero lo que me ha dejado sorprendido, como a todo el mundo, es este vuelco de la situaci\u00f3n, que los discos desapareciesen as\u00ed de nuestras vidas e Internet entrase de esta forma.<br \/>\n\u2013\u00bfPero siempre se ha mostrado muy reacio a que se utilicen sus canciones?<br \/>\n\u2013Lo he aceptado, paso p\u00e1gina y pelillos a la mar. Al final, lo que me interesa es seguir haciendo canciones y me da igual que se las bajen, que las compren o que me las roben. Si al final, tampoco son m\u00edas, a m\u00ed me las tira San Pedro por un tubo (se r\u00ede). Si una semana me porto bien, me manda una canci\u00f3n, y si no, no me env\u00eda ni una. Me niego a hacer un pol\u00edfono de m\u00f3vil o canciones para un anuncio, tengo mi orgullo de m\u00fasico, mi \u00fanica fuente de ingresos es cantar y vender discos. He mandado cartas a la SGAE, me he quejado, pero como hacen lo que les da la gana&#8230; Desde joven he cre\u00eddo que el mundo consumista nos llevar\u00eda a situaciones chungas, y el tiempo me est\u00e1 dando la raz\u00f3n<\/p>\n<p>Fuente: El Norte de Castilla &#8211; <a href='http:\/\/www.elnortedecastilla.es\/20121003\/mas-actualidad\/cultura\/musica-magnifica-quita-amargura-201210031121.html' target=_new>ENLACE<\/a><\/p>\n","protected":false},"excerpt":{"rendered":"<p>Manolo Garc\u00eda actuar\u00e1 el s\u00e1bado en la Plaza de Toros cubierta del municipio vallisoletano de La Flecha ante m\u00e1s de 4.000 personas. \u2013A pesar de la lumbalgia y de la apendicitis que le han aquejado este a\u00f1o, \u00bfllega al concierto en plena forma? \u2013Por supuesto. Quiz\u00e1s a partir de ahora tenga que plantearme giras m\u00e1s<a class=\"moretag\" href=\"https:\/\/www.manologarciaycia.com\/?p=3918\" title=\"MG: \u00abLa m\u00fasica es magn\u00edfica, quita la amargura de ver c\u00f3mo nos apalean\u00bb\" target=\"_self\" rel=\"follow\"> <font face=arial size=2>[Leer m\u00e1s]<\/font> <\/a><\/p>\n","protected":false},"author":2,"featured_media":0,"comment_status":"closed","ping_status":"closed","sticky":false,"template":"","format":"standard","meta":{"footnotes":""},"categories":[1],"tags":[],"class_list":["post-3918","post","type-post","status-publish","format-standard","hentry","category-manolo-garcia"],"_links":{"self":[{"href":"https:\/\/www.manologarciaycia.com\/index.php?rest_route=\/wp\/v2\/posts\/3918","targetHints":{"allow":["GET"]}}],"collection":[{"href":"https:\/\/www.manologarciaycia.com\/index.php?rest_route=\/wp\/v2\/posts"}],"about":[{"href":"https:\/\/www.manologarciaycia.com\/index.php?rest_route=\/wp\/v2\/types\/post"}],"author":[{"embeddable":true,"href":"https:\/\/www.manologarciaycia.com\/index.php?rest_route=\/wp\/v2\/users\/2"}],"replies":[{"embeddable":true,"href":"https:\/\/www.manologarciaycia.com\/index.php?rest_route=%2Fwp%2Fv2%2Fcomments&post=3918"}],"version-history":[{"count":1,"href":"https:\/\/www.manologarciaycia.com\/index.php?rest_route=\/wp\/v2\/posts\/3918\/revisions"}],"predecessor-version":[{"id":3919,"href":"https:\/\/www.manologarciaycia.com\/index.php?rest_route=\/wp\/v2\/posts\/3918\/revisions\/3919"}],"wp:attachment":[{"href":"https:\/\/www.manologarciaycia.com\/index.php?rest_route=%2Fwp%2Fv2%2Fmedia&parent=3918"}],"wp:term":[{"taxonomy":"category","embeddable":true,"href":"https:\/\/www.manologarciaycia.com\/index.php?rest_route=%2Fwp%2Fv2%2Fcategories&post=3918"},{"taxonomy":"post_tag","embeddable":true,"href":"https:\/\/www.manologarciaycia.com\/index.php?rest_route=%2Fwp%2Fv2%2Ftags&post=3918"}],"curies":[{"name":"wp","href":"https:\/\/api.w.org\/{rel}","templated":true}]}}