{"id":3911,"date":"2012-10-03T09:09:10","date_gmt":"2012-10-03T07:09:10","guid":{"rendered":"http:\/\/www.manologarciaycia.com\/?p=3911"},"modified":"2012-10-03T09:12:16","modified_gmt":"2012-10-03T07:12:16","slug":"mg-video-cronica-del-concierto-del-palau-de-la-musica-1-10-2012","status":"publish","type":"post","link":"https:\/\/www.manologarciaycia.com\/?p=3911","title":{"rendered":"MG: Video-Cronica del Concierto del Palau de la Musica 1-10-2012"},"content":{"rendered":"<p><center><iframe loading=\"lazy\" width=\"580\" height=\"460\" src=\"http:\/\/www.youtube.com\/embed\/0ZMNupXubao\" frameborder=\"0\" allowfullscreen><\/iframe><\/center><\/p>\n<p>Manolo Garc\u00eda va fer el mes de maig dos concerts de la gira al Teatre Coliseum, per\u00f2 un tercer al Palau de la M\u00fasica, programat per al dia 25, va ser anul\u00b7lat per indisposici\u00f3 del cantant. Les entrades valien per al concert d&#8217;anit, tamb\u00e9 al Palau. No \u00e9s el darrer a Barcelona, perqu\u00e8 Manolo Garc\u00eda t\u00e9 encara dues cites m\u00e9s aquest mes d&#8217;octubre al Coliseum. Totes, amb les entrades exhaurides. <\/p>\n<p>Quan la gira per teatres s&#8217;acabi, el desembre a Madrid, Manolo Garc\u00eda haur\u00e0 fet m\u00e9s de 50 recitals. Una gira accidentada, amb operaci\u00f3 d&#8217;apendicitis i algun atac de lumb\u00e0lgia pel mig&#8230; res que espanti el del Poblenou.<\/p>\n<p>para ver el texto completo (y en castellano).<\/p>\n<p>MANOLO GARC\u00cdA, cantant<br \/>\n\u00abPotser s\u00ed que arriba un moment en qu\u00e8 has de agafar-t&#8217;ho amb una mica m\u00e9s de calma. Per\u00f2 b\u00e9, jo, vull dir, en la mesura que pugui cantar i pugui fer concerts, ja est\u00e0 b\u00e9, si no en pots fer 80, doncs en fas 40, per\u00f2 far\u00e9 els 40.\u00bb<\/p>\n<p>El retrobament amb el p\u00fablic de la ciutat, Manolo Garc\u00eda el va dedicar a un company d&#8217;aventures de llarg recorregut.<\/p>\n<p>I seguidament va atacar un tema de l&#8217;\u00e8poca daurada amb Portet, &#8216;Los \u00e1ngeles no tienen h\u00e9lices&#8217;.<\/p>\n<p>Cant\u00e9s material antic o nou, compost amb Portet o sense, cada nova can\u00e7\u00f3 que va encetar va arrencar una ovaci\u00f3 multitudin\u00e0ria. La gira de &#8216;D\u00edas intactos&#8217; s&#8217;ha desenvolupat en recintes petits, una mesura que l&#8217;ha obligat a fer canvis en l&#8217;escenografia, com ahir al Palau. Tamb\u00e9 li ha perm\u00e9s actuar en ciutats menors on, amb la crisi, diu que hauria estat dif\u00edcil omplir pavellons. Per\u00f2 hi havia altres raons.<\/p>\n<p>MANOLO GARC\u00cdA, cantant<br \/>\n\u00abM&#8217;agrada m\u00e9s fer sis nits aqu\u00ed a Barcelona que un Palau St. Jordi. Al final la suma de persones \u00e9s la mateixa: s\u00f3n 18 o 20.000, al voltant de 20.000 persones. Per\u00f2 no \u00e9s el mateix anar porta per porta, a donar la m\u00e0 a cadascun d&#8217;ells&#8230;Hola, bon dia, qu\u00e8 tal ? No \u00e9s el mateix que: eoooh!.\u00bb<\/p>\n<p>El temari del recent &#8216;D\u00edas intactos&#8217; va fer aparici\u00f3 a la cinquena can\u00e7\u00f3. La seg\u00fcent va ser la desena, &#8216;Todos amamos desesperadamente&#8217;. <\/p>\n<p>Victor Giralt Jonama. Barcelona, 2.10.2012<\/p>\n<p>Fuente: B Televisio &#8211; Jose Campillo<\/p>\n<p><u><b>Castellano<\/u><\/b><br \/>\nManolo Garc\u00eda hizo en mayo dos conciertos de la gira en el Teatro Coliseum, pero un tercero en el Palau de la M\u00fasica, programado para el d\u00eda 25, fue anulado por indisposici\u00f3n del cantante. Las entradas val\u00edan para el concierto de anoche, tambi\u00e9n en el Palau. No es el \u00faltimo en Barcelona, \u200b\u200bporque Manolo Garc\u00eda tiene a\u00fan dos citas m\u00e1s este mes de octubre en el Coliseum. Todas, con las entradas agotadas.<\/p>\n<p>Cuando la gira por teatros acabe, en diciembre en Madrid, Manolo Garc\u00eda habr\u00e1 hecho m\u00e1s de 50 recitales. Una gira accidentada, con operaci\u00f3n de apendicitis y alg\u00fan ataque de lumbalgia por medio &#8230; nada que asuste el del Poblenou.<\/p>\n<p>MANOLO GARC\u00cdA, cantante<br \/>\n\u00abQuiz\u00e1s s\u00ed que llega un momento en que tienes que coger te con un poco m\u00e1s de calma. Pero bueno, yo, quiero decir, en la medida que pueda cantar y pueda hacer conciertos, ya est\u00e1 bien, si no puedes hacer 80, pues en haces 40, pero har\u00e9 los 40. \u00bb<\/p>\n<p>El reencuentro con el p\u00fablico de la ciudad, Manolo Garc\u00eda lo dedic\u00f3 a un compa\u00f1ero de aventuras de largo recorrido.<\/p>\n<p>Y seguidamente atac\u00f3 un tema de la \u00e9poca dorada con Portet, &#8216;Los \u00e1ngeles No tienes h\u00e9lices&#8217;.<\/p>\n<p>Cantara material antiguo o nuevo, compuesto con Portet o sin, cada nueva canci\u00f3n que inici\u00f3 arranc\u00f3 una ovaci\u00f3n multitudinaria. La gira de &#8216;D\u00edas intactos&#8217; se ha desarrollado en recintos peque\u00f1os, una medida que le ha obligado a hacer cambios en la escenograf\u00eda, como ayer en el Palau. Tambi\u00e9n le ha permitido actuar en ciudades menores donde, con la crisis, dice que habr\u00eda sido dif\u00edcil llenar pabellones. Pero hab\u00eda otras razones.<\/p>\n<p>MANOLO GARC\u00cdA, cantante<br \/>\n\u00abMe gusta m\u00e1s hacer seis noches aqu\u00ed en Barcelona que un Palacio St. Jordi. Al final la suma de personas es la misma: son 18 o 20.000, alrededor de 20.000 personas. Pero no es lo mismo ir puerta por puerta, a dar la mano a cada uno de ellos ola, buenos d\u00edas, qu\u00e9 tal? No es lo mismo que: eoooh! \u00ab.<\/p>\n<p>El temario del reciente &#8216;D\u00edas intactos&#8217; hizo aparici\u00f3n en la quinta canci\u00f3n. La siguiente fue la d\u00e9cima, &#8216;Todos amamos desesperadamente&#8217;.<\/p>\n<p>Victor Giralt Jonama. Barcelona, \u200b\u200b10\/02\/2012<\/p>\n<p>Fuente: B Television &#8211; Jose Campillo<\/p>\n","protected":false},"excerpt":{"rendered":"<p>Manolo Garc\u00eda va fer el mes de maig dos concerts de la gira al Teatre Coliseum, per\u00f2 un tercer al Palau de la M\u00fasica, programat per al dia 25, va ser anul\u00b7lat per indisposici\u00f3 del cantant. Les entrades valien per al concert d&#8217;anit, tamb\u00e9 al Palau. No \u00e9s el darrer a Barcelona, perqu\u00e8 Manolo Garc\u00eda<a class=\"moretag\" href=\"https:\/\/www.manologarciaycia.com\/?p=3911\" title=\"MG: Video-Cronica del Concierto del Palau de la Musica 1-10-2012\" target=\"_self\" rel=\"follow\"> <font face=arial size=2>[Leer m\u00e1s]<\/font> <\/a><\/p>\n","protected":false},"author":2,"featured_media":0,"comment_status":"closed","ping_status":"closed","sticky":false,"template":"","format":"standard","meta":{"footnotes":""},"categories":[1],"tags":[],"class_list":["post-3911","post","type-post","status-publish","format-standard","hentry","category-manolo-garcia"],"_links":{"self":[{"href":"https:\/\/www.manologarciaycia.com\/index.php?rest_route=\/wp\/v2\/posts\/3911","targetHints":{"allow":["GET"]}}],"collection":[{"href":"https:\/\/www.manologarciaycia.com\/index.php?rest_route=\/wp\/v2\/posts"}],"about":[{"href":"https:\/\/www.manologarciaycia.com\/index.php?rest_route=\/wp\/v2\/types\/post"}],"author":[{"embeddable":true,"href":"https:\/\/www.manologarciaycia.com\/index.php?rest_route=\/wp\/v2\/users\/2"}],"replies":[{"embeddable":true,"href":"https:\/\/www.manologarciaycia.com\/index.php?rest_route=%2Fwp%2Fv2%2Fcomments&post=3911"}],"version-history":[{"count":5,"href":"https:\/\/www.manologarciaycia.com\/index.php?rest_route=\/wp\/v2\/posts\/3911\/revisions"}],"predecessor-version":[{"id":3917,"href":"https:\/\/www.manologarciaycia.com\/index.php?rest_route=\/wp\/v2\/posts\/3911\/revisions\/3917"}],"wp:attachment":[{"href":"https:\/\/www.manologarciaycia.com\/index.php?rest_route=%2Fwp%2Fv2%2Fmedia&parent=3911"}],"wp:term":[{"taxonomy":"category","embeddable":true,"href":"https:\/\/www.manologarciaycia.com\/index.php?rest_route=%2Fwp%2Fv2%2Fcategories&post=3911"},{"taxonomy":"post_tag","embeddable":true,"href":"https:\/\/www.manologarciaycia.com\/index.php?rest_route=%2Fwp%2Fv2%2Ftags&post=3911"}],"curies":[{"name":"wp","href":"https:\/\/api.w.org\/{rel}","templated":true}]}}