{"id":3892,"date":"2012-09-28T13:52:06","date_gmt":"2012-09-28T11:52:06","guid":{"rendered":"http:\/\/www.manologarciaycia.com\/?p=3892"},"modified":"2012-09-28T13:53:17","modified_gmt":"2012-09-28T11:53:17","slug":"mg-manolo-garcia-cerrara-gira-en-madrid-4-diciembre","status":"publish","type":"post","link":"https:\/\/www.manologarciaycia.com\/?p=3892","title":{"rendered":"MG: MANOLO GARCIA CERRAR\u00c1 GIRA EN MADRID, 4 Diciembre!"},"content":{"rendered":"<p><img loading=\"lazy\" decoding=\"async\" alt=\"\" src=\"http:\/\/www.manolo-garcia.com\/sites\/mgarcia\/files\/imagecache\/600wide_max\/Manolo%20fin%20gira.jpg\" class=\"aligncenter\" width=\"600\" height=\"890\" \/><\/p>\n<p>Manolo Garc\u00eda ofrecer\u00e1 un nuevo concierto en Madrid el d\u00eda 4 de diciembre en el Palacio de Congresos del Paseo de la Castellana. Este concierto, s\u00e9ptimo del m\u00fasico en Madrid este a\u00f1o, ser\u00e1 el broche final a su larga y exitosa Gira Teatral Los d\u00edas Intactos. Las entradas se pondr\u00e1n a la venta el pr\u00f3ximo 4 de octubre en los canales habituales de Ticketmaster.<\/p>\n<p>\u201cColiseum en \u00e9xtasis. Manolo Garc\u00eda provoca la locura en la primera de seis actuaciones en el teatro\u201d. El Peri\u00f3dico, 9 mayo (Barcelona) &#8211; \u201cMadrid se rinde a Manolo Garc\u00eda\u201d. El Mundo, 14 abril &#8211; \u201cManolo Garc\u00eda entusiasma al p\u00fablico madrile\u00f1o\u201d, 19 abril &#8211; \u201cManolo Garc\u00eda triunfa en Valencia con su nuevo disco\u201d. Levante, 9 marzo &#8211; \u201cManolo Garc\u00eda con el p\u00fablico en el bolsillo\u201d. La Tribuna de Talavera, 26 febrero &#8211; \u201c\u00a1Manolo selecci\u00f3n!\u201d La Verdad, 20 marzo (Murcia) &#8211; \u201cApoteosis Garc\u00eda\u201d. La Verdad, 19 marzo (Murcia) &#8211; \u201cNoche de embrujo y grandes \u00e9xitos con Manolo Garc\u00eda\u201d. Diario Sur, 17 marzo (M\u00e1laga) &#8211; \u201cApote\u00f3sica la actuaci\u00f3n de Manolo Garc\u00eda en el Teatro Auditorio de Roquetas de Mar\u201d. Noticias de Almer\u00eda, 12 febrero &#8211; \u201cManolo Garc\u00eda entusiasma a un p\u00fablico entregado en el inicio de su nueva gira\u201d<\/p>\n<p>Estos son algunos de los titulares que est\u00e1 recibiendo Manolo Garc\u00eda a su paso por ciudades de todo el estado presentando su nuevo trabajo Los d\u00edas intactos. El disco ha estado tres semanas consecutivas en el n\u00famero 1 de la lista de los m\u00e1s vendidos en Espa\u00f1a tras su publicaci\u00f3n y es Triple Disco de Platino.<\/p>\n<p><\/p>\n<p>La gira est\u00e1 teniendo una magn\u00edfica acogida, agotando entradas en el noventa por ciento de sus fechas y con m\u00e1s de cincuenta conciertos. Con la fuerza habitual de sus directos pero en espacios m\u00e1s reducidos, los conciertos de esta gira brindan un plus de proximidad muy apreciado tanto por el p\u00fablico como por el propio Manolo Garc\u00eda.<br \/>\nHan destacado especialmente las seis noches en el Palacio Municipal de Congresos del Campo de las Naciones de Madrid el pasado mes de abril y otras seis en Barcelona, todas con las entradas agotadas con meses de antelaci\u00f3n y en tiempo record (destacando el Palau de la M\u00fasica, que agot\u00f3 sus entradas en menos de media hora); as\u00ed como tambi\u00e9n la repetici\u00f3n de conciertos en muchas ciudades: Valencia, Bilbao, Zaragoza, Murcia, Granada&#8230;<\/p>\n<p>Estas son las pr\u00f3ximas y ya \u00faltimas citas de la gira:<\/p>\n<p>Octubre:<br \/>\n1\/10 Barcelona\t Palau de la M\u00fasica\t entradas agotadas<br \/>\n6\/10 Arroyo de la Encomienda (Valladolid) Plaza de La Flech \u00faltimas entradas<br \/>\n11\/10 Bilbao\t Palacio Euskalduna\t entradas agotadas<br \/>\n12\/10 Bilbao Palacio Euskalduna<br \/>\n17\/10 Barcelona\t Teatre Coliseum\t entradas agotadas<br \/>\n20\/10 Oviedo\t Auditorio Pr\u00edncipe Felipe\t entradas agotadas<br \/>\n23\/10 Barcelona\t Teatre Coliseum\t entradas agotadas<br \/>\n24\/10 Barcelona\t Teatre Coliseum\t entradas agotadas<br \/>\n31\/10 Pamplona\t Baluarte\t entradas agotadas<\/p>\n<p>Noviembre:<br \/>\n10\/11 Burjassot\t Auditorio Municipal\t \u00faltimas entradas<br \/>\n16\/11 Granada\t Palacio de Congresos\t entradas agotadas<br \/>\n17\/11 Granada\t Palacio de Congresos<br \/>\n28\/11 San Sebasti\u00e1n\tKursaal\t \u00faltimas entradas<br \/>\n30\/11 Vitoria\t Iradier Arena<\/p>\n<p>Diciembre:<br \/>\n4\/12 Madrid\t Palacio de Congresos (Castellana)\tentradas a la venta 4\/10<\/p>\n<p>Fuente: Web Manolo Garcia &#8211; <a href='http:\/\/www.manolo-garcia.com\/news\/fin-de-gira-los-d%C3%AD-intactos' target=_new>ENLACE<\/a><\/p>\n","protected":false},"excerpt":{"rendered":"<p>Manolo Garc\u00eda ofrecer\u00e1 un nuevo concierto en Madrid el d\u00eda 4 de diciembre en el Palacio de Congresos del Paseo de la Castellana. Este concierto, s\u00e9ptimo del m\u00fasico en Madrid este a\u00f1o, ser\u00e1 el broche final a su larga y exitosa Gira Teatral Los d\u00edas Intactos. Las entradas se pondr\u00e1n a la venta el pr\u00f3ximo<a class=\"moretag\" href=\"https:\/\/www.manologarciaycia.com\/?p=3892\" title=\"MG: MANOLO GARCIA CERRAR\u00c1 GIRA EN MADRID, 4 Diciembre!\" target=\"_self\" rel=\"follow\"> <font face=arial size=2>[Leer m\u00e1s]<\/font> <\/a><\/p>\n","protected":false},"author":2,"featured_media":0,"comment_status":"closed","ping_status":"closed","sticky":false,"template":"","format":"standard","meta":{"footnotes":""},"categories":[1],"tags":[],"class_list":["post-3892","post","type-post","status-publish","format-standard","hentry","category-manolo-garcia"],"_links":{"self":[{"href":"https:\/\/www.manologarciaycia.com\/index.php?rest_route=\/wp\/v2\/posts\/3892","targetHints":{"allow":["GET"]}}],"collection":[{"href":"https:\/\/www.manologarciaycia.com\/index.php?rest_route=\/wp\/v2\/posts"}],"about":[{"href":"https:\/\/www.manologarciaycia.com\/index.php?rest_route=\/wp\/v2\/types\/post"}],"author":[{"embeddable":true,"href":"https:\/\/www.manologarciaycia.com\/index.php?rest_route=\/wp\/v2\/users\/2"}],"replies":[{"embeddable":true,"href":"https:\/\/www.manologarciaycia.com\/index.php?rest_route=%2Fwp%2Fv2%2Fcomments&post=3892"}],"version-history":[{"count":3,"href":"https:\/\/www.manologarciaycia.com\/index.php?rest_route=\/wp\/v2\/posts\/3892\/revisions"}],"predecessor-version":[{"id":3895,"href":"https:\/\/www.manologarciaycia.com\/index.php?rest_route=\/wp\/v2\/posts\/3892\/revisions\/3895"}],"wp:attachment":[{"href":"https:\/\/www.manologarciaycia.com\/index.php?rest_route=%2Fwp%2Fv2%2Fmedia&parent=3892"}],"wp:term":[{"taxonomy":"category","embeddable":true,"href":"https:\/\/www.manologarciaycia.com\/index.php?rest_route=%2Fwp%2Fv2%2Fcategories&post=3892"},{"taxonomy":"post_tag","embeddable":true,"href":"https:\/\/www.manologarciaycia.com\/index.php?rest_route=%2Fwp%2Fv2%2Ftags&post=3892"}],"curies":[{"name":"wp","href":"https:\/\/api.w.org\/{rel}","templated":true}]}}