{"id":3890,"date":"2012-09-27T21:11:44","date_gmt":"2012-09-27T19:11:44","guid":{"rendered":"http:\/\/www.manologarciaycia.com\/?p=3890"},"modified":"2012-09-27T21:11:44","modified_gmt":"2012-09-27T19:11:44","slug":"mg-comunicado-de-manolo-garcia","status":"publish","type":"post","link":"https:\/\/www.manologarciaycia.com\/?p=3890","title":{"rendered":"MG: Comunicado de Manolo Garcia"},"content":{"rendered":"<p>Estoy preparando con ilusi\u00f3n una p\u00e1gina o un a\u00f1adido a \u00e9sta en la que est\u00e1s ahora donde expondr\u00e9 mi obra gr\u00e1fica; mis cuadros m\u00e1s antiguos y los \u00faltimos en los que estoy trabajando.<br \/>\nTambi\u00e9n planeo que cualquiera de vosotros que tenga inter\u00e9s en las artes pl\u00e1sticas pueda exponer sus obras de una manera sencilla y libre en alg\u00fan apartado de ella; de manera que sea una ventana donde cada cual seg\u00fan sus capacidades e intereses pueda compartir lo que hace. Espero tenerla muy pronto en marcha. Adem\u00e1s estos d\u00edas estoy pintando much\u00edsimo, en mi condici\u00f3n de paro temporal de la gira.<\/p>\n<p>Tambi\u00e9n comunicar por si a alguien le interesa que entre el 4 y el 21 del pr\u00f3ximo mes de octubre, tendr\u00e9 una exposici\u00f3n en el Antiguo Ayuntamiento de Tarragona, de la mano de la Asociaci\u00f3n Cultural La Mulassa, en la que expondr\u00e9 algunos cuadros de mis exposiciones en Madrid y Barcelona con C\u00edrculo de Lectores y tambi\u00e9n obra nueva de estos \u00faltimos meses.<\/p>\n<p>Como las anteriores expos los cuadros y dibujos no estar\u00e1n a la venta.<\/p>\n<p>Manolo Garc\u00eda &#8211; <a href=\"http:\/\/www.manolo-garcia.com\/news\/comunicado-de-manolo-garcia\" target=\"_blank\">Enlace<\/a><\/p>\n","protected":false},"excerpt":{"rendered":"<p>Estoy preparando con ilusi\u00f3n una p\u00e1gina o un a\u00f1adido a \u00e9sta en la que est\u00e1s ahora donde expondr\u00e9 mi obra gr\u00e1fica; mis cuadros m\u00e1s antiguos y los \u00faltimos en los que estoy trabajando. Tambi\u00e9n planeo que cualquiera de vosotros que tenga inter\u00e9s en las artes pl\u00e1sticas pueda exponer sus obras de una manera sencilla y<a class=\"moretag\" href=\"https:\/\/www.manologarciaycia.com\/?p=3890\" title=\"MG: Comunicado de Manolo Garcia\" target=\"_self\" rel=\"follow\"> <font face=arial size=2>[Leer m\u00e1s]<\/font> <\/a><\/p>\n","protected":false},"author":2,"featured_media":0,"comment_status":"closed","ping_status":"closed","sticky":false,"template":"","format":"standard","meta":{"footnotes":""},"categories":[1],"tags":[],"class_list":["post-3890","post","type-post","status-publish","format-standard","hentry","category-manolo-garcia"],"_links":{"self":[{"href":"https:\/\/www.manologarciaycia.com\/index.php?rest_route=\/wp\/v2\/posts\/3890","targetHints":{"allow":["GET"]}}],"collection":[{"href":"https:\/\/www.manologarciaycia.com\/index.php?rest_route=\/wp\/v2\/posts"}],"about":[{"href":"https:\/\/www.manologarciaycia.com\/index.php?rest_route=\/wp\/v2\/types\/post"}],"author":[{"embeddable":true,"href":"https:\/\/www.manologarciaycia.com\/index.php?rest_route=\/wp\/v2\/users\/2"}],"replies":[{"embeddable":true,"href":"https:\/\/www.manologarciaycia.com\/index.php?rest_route=%2Fwp%2Fv2%2Fcomments&post=3890"}],"version-history":[{"count":1,"href":"https:\/\/www.manologarciaycia.com\/index.php?rest_route=\/wp\/v2\/posts\/3890\/revisions"}],"predecessor-version":[{"id":3891,"href":"https:\/\/www.manologarciaycia.com\/index.php?rest_route=\/wp\/v2\/posts\/3890\/revisions\/3891"}],"wp:attachment":[{"href":"https:\/\/www.manologarciaycia.com\/index.php?rest_route=%2Fwp%2Fv2%2Fmedia&parent=3890"}],"wp:term":[{"taxonomy":"category","embeddable":true,"href":"https:\/\/www.manologarciaycia.com\/index.php?rest_route=%2Fwp%2Fv2%2Fcategories&post=3890"},{"taxonomy":"post_tag","embeddable":true,"href":"https:\/\/www.manologarciaycia.com\/index.php?rest_route=%2Fwp%2Fv2%2Ftags&post=3890"}],"curies":[{"name":"wp","href":"https:\/\/api.w.org\/{rel}","templated":true}]}}