{"id":389,"date":"2010-02-12T16:24:08","date_gmt":"2010-02-12T15:24:08","guid":{"rendered":"http:\/\/petaos.net\/?p=389"},"modified":"2010-02-15T15:47:03","modified_gmt":"2010-02-15T14:47:03","slug":"manolo-garcia-posible-proximo-concierto","status":"publish","type":"post","link":"https:\/\/www.manologarciaycia.com\/?p=389","title":{"rendered":"Manolo Garc\u00eda: actuaci\u00f3n en Festival Solidari"},"content":{"rendered":"<p><img loading=\"lazy\" decoding=\"async\" class=\"alignleft\" src=\"http:\/\/img6.imageshack.us\/img6\/3193\/festivalsolidari.jpg\" alt=\"\" width=\"203\" height=\"320\" \/><\/p>\n<p style=\"TEXT-ALIGN: left\"><strong><em>\u00abMANOLO GARC\u00cdA\u00bb en el Festival Solidari &#8211; BARCELONA (Luz de Gas) 24 DE FEBRERO \u00ab21.00h\u00bb<br \/>\n<\/em><\/strong><br \/>\nManolo Garc\u00eda ha confirmado que actuar\u00e1 en el Festival Solidario que se celebrar\u00e1 en Barcelona el pr\u00f3ximo 24 de febrero, en Luz de Gas, de 21h a 23h. El evento estar\u00e1 presentado por Jos\u00e9 Corbacho, y contar\u00e1 con la colaboraci\u00f3n de artistas como: Godoy, Pau Don\u00e9s, Pep Plaza, Pastora, Nout, las Bailarinas de la Sonrisa Et\u00edope, Twilight y Xavi Bertran.<\/p>\n<p>Aviso de Fran_G (gracias!) &#8211;\u00a0Facebook de Ricardo Mar\u00edn &#8211; Conciertos10 (<a href=\"http:\/\/www.conciertos10.com\/gira-conciertos-concierto\/manolo-garcia-acudira-al-festival-solidario-de-barcelona\/2010\/02\/12\/\" target=\"_blank\">ENLACE<\/a>).<\/p>\n<p>\u00a0<\/p>\n<p><img loading=\"lazy\" decoding=\"async\" class=\"aligncenter\" src=\"http:\/\/img62.imageshack.us\/img62\/3193\/festivalsolidari.jpg\" alt=\"\" width=\"715\" height=\"1130\" \/><\/p>\n<p>Festival Solidario de Barcelona es un proyecto de cooperaci\u00f3n con la escuela Negus Michael, situada en la ciudad de Dessi (Etiop\u00eda) que cuenta con m\u00e1s de 1.200 alumnos y carece de las infraestructuras m\u00e1s b\u00e1sicas necesarias para una educaci\u00f3n digna. Se va a construir un comedor y poner en marcha de un comedor el pr\u00f3ximo septiembre de 2010, coincidiendo con el comienzo del nuevo curso escolar. Tanto la escuela, como los maestros, los alumnos, la Asociaci\u00f3n de Padres y los Administradores de la zona, est\u00e1n muy entusiasmados con este proyecto pionero que proporcionar\u00e1 trabajo a m\u00e1s 300 personas.<\/p>\n","protected":false},"excerpt":{"rendered":"<p>\u00abMANOLO GARC\u00cdA\u00bb en el Festival Solidari &#8211; BARCELONA (Luz de Gas) 24 DE FEBRERO \u00ab21.00h\u00bb Manolo Garc\u00eda ha confirmado que actuar\u00e1 en el Festival Solidario que se celebrar\u00e1 en Barcelona el pr\u00f3ximo 24 de febrero, en Luz de Gas, de 21h a 23h. El evento estar\u00e1 presentado por Jos\u00e9 Corbacho, y contar\u00e1 con la colaboraci\u00f3n<a class=\"moretag\" href=\"https:\/\/www.manologarciaycia.com\/?p=389\" title=\"Manolo Garc\u00eda: actuaci\u00f3n en Festival Solidari\" target=\"_self\" rel=\"follow\"> <font face=arial size=2>[Leer m\u00e1s]<\/font> <\/a><\/p>\n","protected":false},"author":2,"featured_media":0,"comment_status":"closed","ping_status":"open","sticky":false,"template":"","format":"standard","meta":{"footnotes":""},"categories":[1],"tags":[75],"class_list":["post-389","post","type-post","status-publish","format-standard","hentry","category-manolo-garcia","tag-manolo-garcia-concierto-ricardo-acustico-benefico"],"_links":{"self":[{"href":"https:\/\/www.manologarciaycia.com\/index.php?rest_route=\/wp\/v2\/posts\/389","targetHints":{"allow":["GET"]}}],"collection":[{"href":"https:\/\/www.manologarciaycia.com\/index.php?rest_route=\/wp\/v2\/posts"}],"about":[{"href":"https:\/\/www.manologarciaycia.com\/index.php?rest_route=\/wp\/v2\/types\/post"}],"author":[{"embeddable":true,"href":"https:\/\/www.manologarciaycia.com\/index.php?rest_route=\/wp\/v2\/users\/2"}],"replies":[{"embeddable":true,"href":"https:\/\/www.manologarciaycia.com\/index.php?rest_route=%2Fwp%2Fv2%2Fcomments&post=389"}],"version-history":[{"count":8,"href":"https:\/\/www.manologarciaycia.com\/index.php?rest_route=\/wp\/v2\/posts\/389\/revisions"}],"predecessor-version":[{"id":397,"href":"https:\/\/www.manologarciaycia.com\/index.php?rest_route=\/wp\/v2\/posts\/389\/revisions\/397"}],"wp:attachment":[{"href":"https:\/\/www.manologarciaycia.com\/index.php?rest_route=%2Fwp%2Fv2%2Fmedia&parent=389"}],"wp:term":[{"taxonomy":"category","embeddable":true,"href":"https:\/\/www.manologarciaycia.com\/index.php?rest_route=%2Fwp%2Fv2%2Fcategories&post=389"},{"taxonomy":"post_tag","embeddable":true,"href":"https:\/\/www.manologarciaycia.com\/index.php?rest_route=%2Fwp%2Fv2%2Ftags&post=389"}],"curies":[{"name":"wp","href":"https:\/\/api.w.org\/{rel}","templated":true}]}}