{"id":3886,"date":"2012-09-26T09:02:50","date_gmt":"2012-09-26T07:02:50","guid":{"rendered":"http:\/\/www.manologarciaycia.com\/?p=3886"},"modified":"2012-09-26T09:03:05","modified_gmt":"2012-09-26T07:03:05","slug":"mg-grandes-voces-de-la-musica-en-espanol-cogen-los-pinceles-por-una-causa-solidaria","status":"publish","type":"post","link":"https:\/\/www.manologarciaycia.com\/?p=3886","title":{"rendered":"MG: GRANDES VOCES DE LA M\u00daSICA EN ESPA\u00d1OL COGEN LOS PINCELES POR UNA CAUSA SOLIDARIA"},"content":{"rendered":"<p><img loading=\"lazy\" decoding=\"async\" class=\"alignright\" src=\"http:\/\/revistahsm.com\/wp-content\/uploads\/2012\/09\/Captura-de-pantalla-2012-09-19-a-las-15.54.11.png\" alt=\"\" width=\"450\" height=\"306\" \/> \u201cVoces que pintan\u201d es el t\u00edtulo de una particular y solidaria exposici\u00f3n que recoge pinturas y dibujos de algunos de los principales m\u00fasicos de nuestro pa\u00eds.<\/p>\n<p>Alejandro Sanz, Manolo Garc\u00eda, Ana Torroja, Miguel Bose, Fito Cabrales, Sole Gim\u00e9nez, Celtas Cortos o Lolita entre otros, cambian puntualmente la m\u00fasica por los pinceles y ceden gratuitamente sus obras a la ONG Voces, comprometida en la lucha contra la pobreza infantil, con el objetivo de recaudar fondos para los proyectos de cooperaci\u00f3n de dicha entidad.<\/p>\n<p>La exposici\u00f3n se podr\u00e1 ver gratuitamente en la sala Frida Khalo, de Casa de Am\u00e9rica de Madrid, a partir de hoy 24 de septiembre.<\/p>\n<p>Voces es una organizaci\u00f3n que lucha contra la pobreza que afecta especialmente a la infancia, con la fuerza transformadora del arte y la cultura, llevando a cabo proyectos de sensibilizaci\u00f3n y de cooperaci\u00f3n al desarrollo en Espa\u00f1a y en pa\u00edses en v\u00edas de desarrollo. En esta ocasi\u00f3n, Voces se suma a la iniciativa Luces para aprender, un proyecto de la OEI que llevar\u00e1 luz e internet a 60.000 escuelas de Iberoam\u00e9rica. A dicho proyecto ir\u00e1n destinados los beneficios que se obtengan de las actividades que se realicen para recaudar fondos en el marco de esta exposici\u00f3n, que se realiza en colaboraci\u00f3n con Casa de Am\u00e9rica.<\/p>\n<p>Horario: De lunes a s\u00e1bado de 11:00h a 19:30h. &#8211; S\u00e1bado de 11.00h a 15.00h.<\/p>\n<p>Fuente: Revista HSM &#8211; <a href=\"http:\/\/revistahsm.com\/que-ver\/museos-exposiciones\/grandes-voces-de-la-musica-en-espanol-cogen-los-pinceles-por-una-causa-solidaria\" target=\"_new\">ENLACE<\/a><\/p>\n","protected":false},"excerpt":{"rendered":"<p>\u201cVoces que pintan\u201d es el t\u00edtulo de una particular y solidaria exposici\u00f3n que recoge pinturas y dibujos de algunos de los principales m\u00fasicos de nuestro pa\u00eds. Alejandro Sanz, Manolo Garc\u00eda, Ana Torroja, Miguel Bose, Fito Cabrales, Sole Gim\u00e9nez, Celtas Cortos o Lolita entre otros, cambian puntualmente la m\u00fasica por los pinceles y ceden gratuitamente sus<a class=\"moretag\" href=\"https:\/\/www.manologarciaycia.com\/?p=3886\" title=\"MG: GRANDES VOCES DE LA M\u00daSICA EN ESPA\u00d1OL COGEN LOS PINCELES POR UNA CAUSA SOLIDARIA\" target=\"_self\" rel=\"follow\"> <font face=arial size=2>[Leer m\u00e1s]<\/font> <\/a><\/p>\n","protected":false},"author":2,"featured_media":0,"comment_status":"closed","ping_status":"closed","sticky":false,"template":"","format":"standard","meta":{"footnotes":""},"categories":[1],"tags":[],"class_list":["post-3886","post","type-post","status-publish","format-standard","hentry","category-manolo-garcia"],"_links":{"self":[{"href":"https:\/\/www.manologarciaycia.com\/index.php?rest_route=\/wp\/v2\/posts\/3886","targetHints":{"allow":["GET"]}}],"collection":[{"href":"https:\/\/www.manologarciaycia.com\/index.php?rest_route=\/wp\/v2\/posts"}],"about":[{"href":"https:\/\/www.manologarciaycia.com\/index.php?rest_route=\/wp\/v2\/types\/post"}],"author":[{"embeddable":true,"href":"https:\/\/www.manologarciaycia.com\/index.php?rest_route=\/wp\/v2\/users\/2"}],"replies":[{"embeddable":true,"href":"https:\/\/www.manologarciaycia.com\/index.php?rest_route=%2Fwp%2Fv2%2Fcomments&post=3886"}],"version-history":[{"count":2,"href":"https:\/\/www.manologarciaycia.com\/index.php?rest_route=\/wp\/v2\/posts\/3886\/revisions"}],"predecessor-version":[{"id":3888,"href":"https:\/\/www.manologarciaycia.com\/index.php?rest_route=\/wp\/v2\/posts\/3886\/revisions\/3888"}],"wp:attachment":[{"href":"https:\/\/www.manologarciaycia.com\/index.php?rest_route=%2Fwp%2Fv2%2Fmedia&parent=3886"}],"wp:term":[{"taxonomy":"category","embeddable":true,"href":"https:\/\/www.manologarciaycia.com\/index.php?rest_route=%2Fwp%2Fv2%2Fcategories&post=3886"},{"taxonomy":"post_tag","embeddable":true,"href":"https:\/\/www.manologarciaycia.com\/index.php?rest_route=%2Fwp%2Fv2%2Ftags&post=3886"}],"curies":[{"name":"wp","href":"https:\/\/api.w.org\/{rel}","templated":true}]}}