{"id":3881,"date":"2012-09-21T20:24:31","date_gmt":"2012-09-21T18:24:31","guid":{"rendered":"http:\/\/www.manologarciaycia.com\/?p=3881"},"modified":"2012-09-21T20:26:49","modified_gmt":"2012-09-21T18:26:49","slug":"mg-destacados-musicos-espanoles-cambian-la-musica-por-los-pinceles-para-obra-solidaria","status":"publish","type":"post","link":"https:\/\/www.manologarciaycia.com\/?p=3881","title":{"rendered":"MG: Destacados m\u00fasicos espa\u00f1oles cambian la m\u00fasica por los pinceles para obra solidaria"},"content":{"rendered":"<p><img loading=\"lazy\" decoding=\"async\" class=\"alignleft\" src=\"http:\/\/www.ociolatino.com\/wp-content\/uploads\/2012\/09\/miguel-bos%C3%A9.jpg\" alt=\"\" width=\"357\" height=\"258\" \/> Una muestra de pinturas al lienzo, dibujos sobre papel, collages y obras realizadas sobre materiales diversos como madera, cart\u00f3n o metacrilato realizada por destacados m\u00fasicos espa\u00f1oles se re\u00fanen en la exposici\u00f3n solidaria \u2018Voces que pintan\u2019.<\/p>\n<p>Alejandro Sanz, <strong>Manolo Garc\u00eda<\/strong>, Aute o Miguel Bos\u00e9, entre otros artistas, han cambiado la m\u00fasica por los pinceles y ceden gratuitamente sus obras a la ONG Voces, comprometida en la lucha contra la pobreza infantil, con el objetivo de recaudar fondos para proyectos de cooperaci\u00f3n que, en esta ocasi\u00f3n, se suma a la iniciativa de llevar luz e Internet a 60 mil escuelas de Iberoam\u00e9rica.<\/p>\n<p>La exposici\u00f3n se podr\u00e1 apreciar de forma gratuita en Madrid en la Casa de Am\u00e9rica desde el lunes 24 de septiembre y recorrer\u00e1 otros puntos de la geograf\u00eda espa\u00f1ola antes de subastar las obras.<\/p>\n<p>\u2018Voces que pintan\u2019. Sala Frida Kahlo. Casa de Am\u00e9rica.\u00a0Calle Marqu\u00e9s del Duero, 2. A partir del 24 de septiembre.<br \/>\nDe lunes a s\u00e1bado de 11:00h a 19:30h. S\u00e1bado de 11.00h a 15.00h.\u00a0La exposici\u00f3n cuenta con obras de: Alejandro Sanz, Alex Ubago, Ana Torroja , Aute, Celtas Cortos (Cifu), David Bustamante, David Otero (El Pescao), Diego Vasallo, Dyango, Fito Cabrales, Fortu (Obus), Jimmy Barnatan, La Shica, Leire Mart\u00ednez (La Oreja de Van Gogh), Lolita Flores, Mago de Oz (Txus y Fran), <strong>Manolo Garc\u00eda<\/strong>, Mikel Erentxun , Miguel Bos\u00e9, Miguel Campello (el Bicho) , Paloma San Basilio, Pau Rib\u00e1 (Pastora), Rosendo, Sole Jim\u00e9nez, Toni Zenet.<\/p>\n<p>Fuente: Ocio Latino &#8211; <a href=\"http:\/\/www.ociolatino.com\/2012\/09\/destacados-musicos-espanoles-cambian-la-musica-por-los-pinceles.html\" target=\"_new\">ENLACE<\/a><\/p>\n","protected":false},"excerpt":{"rendered":"<p>Una muestra de pinturas al lienzo, dibujos sobre papel, collages y obras realizadas sobre materiales diversos como madera, cart\u00f3n o metacrilato realizada por destacados m\u00fasicos espa\u00f1oles se re\u00fanen en la exposici\u00f3n solidaria \u2018Voces que pintan\u2019. Alejandro Sanz, Manolo Garc\u00eda, Aute o Miguel Bos\u00e9, entre otros artistas, han cambiado la m\u00fasica por los pinceles y ceden<a class=\"moretag\" href=\"https:\/\/www.manologarciaycia.com\/?p=3881\" title=\"MG: Destacados m\u00fasicos espa\u00f1oles cambian la m\u00fasica por los pinceles para obra solidaria\" target=\"_self\" rel=\"follow\"> <font face=arial size=2>[Leer m\u00e1s]<\/font> <\/a><\/p>\n","protected":false},"author":2,"featured_media":0,"comment_status":"closed","ping_status":"closed","sticky":false,"template":"","format":"standard","meta":{"footnotes":""},"categories":[1],"tags":[],"class_list":["post-3881","post","type-post","status-publish","format-standard","hentry","category-manolo-garcia"],"_links":{"self":[{"href":"https:\/\/www.manologarciaycia.com\/index.php?rest_route=\/wp\/v2\/posts\/3881","targetHints":{"allow":["GET"]}}],"collection":[{"href":"https:\/\/www.manologarciaycia.com\/index.php?rest_route=\/wp\/v2\/posts"}],"about":[{"href":"https:\/\/www.manologarciaycia.com\/index.php?rest_route=\/wp\/v2\/types\/post"}],"author":[{"embeddable":true,"href":"https:\/\/www.manologarciaycia.com\/index.php?rest_route=\/wp\/v2\/users\/2"}],"replies":[{"embeddable":true,"href":"https:\/\/www.manologarciaycia.com\/index.php?rest_route=%2Fwp%2Fv2%2Fcomments&post=3881"}],"version-history":[{"count":4,"href":"https:\/\/www.manologarciaycia.com\/index.php?rest_route=\/wp\/v2\/posts\/3881\/revisions"}],"predecessor-version":[{"id":3885,"href":"https:\/\/www.manologarciaycia.com\/index.php?rest_route=\/wp\/v2\/posts\/3881\/revisions\/3885"}],"wp:attachment":[{"href":"https:\/\/www.manologarciaycia.com\/index.php?rest_route=%2Fwp%2Fv2%2Fmedia&parent=3881"}],"wp:term":[{"taxonomy":"category","embeddable":true,"href":"https:\/\/www.manologarciaycia.com\/index.php?rest_route=%2Fwp%2Fv2%2Fcategories&post=3881"},{"taxonomy":"post_tag","embeddable":true,"href":"https:\/\/www.manologarciaycia.com\/index.php?rest_route=%2Fwp%2Fv2%2Ftags&post=3881"}],"curies":[{"name":"wp","href":"https:\/\/api.w.org\/{rel}","templated":true}]}}