{"id":3873,"date":"2012-09-20T16:09:56","date_gmt":"2012-09-20T14:09:56","guid":{"rendered":"http:\/\/www.manologarciaycia.com\/?p=3873"},"modified":"2012-09-20T16:09:56","modified_gmt":"2012-09-20T14:09:56","slug":"mg-carta-de-manolo-garcia-al-publico-del-festival-de-la-luz","status":"publish","type":"post","link":"https:\/\/www.manologarciaycia.com\/?p=3873","title":{"rendered":"MG: CARTA DE MANOLO GARC\u00cdA AL P\u00daBLICO DEL FESTIVAL DE LA LUZ"},"content":{"rendered":"<p>septiembre 20, 2012<\/p>\n<p>Aunque todos sabemos que los problemas de salud son ineludibles y que nos puede tocar a todos, a nadie le gusta tener que doblegarse a esta evidencia. Estoy realmente, no se si utilizar la palabra abochornado, por no poder acudir a esta convocatoria. Tengo un disgusto, creedme, que debo ir superando; pero la situaci\u00f3n, sin dramatizar, no me ha sentado nada bien.<\/p>\n<p>En cuanto Luz Casal me llam\u00f3 y me explic\u00f3 el motivo de la convocatoria para el festival, acept\u00e9 gustosamente formar parte de su cartel. Obviamente, atender las demandas sociales es importante y necesario, m\u00e1xime en los tiempos que corren en que toda ayuda es bienvenida. Me ilusion\u00e9 con el concierto; y m\u00e1s en la medida que era la primera visita a Galicia en tres a\u00f1os y poder compartir escenario con algunos compa\u00f1eros como Luz o Rosendo.<\/p>\n<p>El asunto de una manera simple es que los dos \u00faltimos conciertos de la gira que he hecho, Salamanca y Huesca, f\u00edsicamente m\u00e1s que disfrutarlos los he sufrido. Como jam\u00e1s he podido quedarme quieto en los escenarios, cosa que tendr\u00e9 que replantearme, me he ido machacando la espalda. Este pasado lunes los m\u00e9dicos ya pasaron a mandato lo que hasta entonces hab\u00eda sido recomendaci\u00f3n; deb\u00eda tener dos semanas de descanso absoluto si quer\u00eda acabar la gira. Adem\u00e1s de la actuaci\u00f3n en este festival he tenido que suspender tambi\u00e9n los conciertos previstos en Burjassot y Pozoblanco la pr\u00f3xima semana. Creedme que el disgusto es grande.<\/p>\n<p>Espero que teng\u00e1is un buen festival. Es una estupenda iniciativa con un cartel magn\u00edfico. Ya me han comentado que la asistencia va a ser masiva, lo cual me alegra dentro de lamentarme por no poder acudir.<\/p>\n<p>Aunque l\u00f3gicamente no tengo culpa de los problemas de salud, os pido disculpas. Si hubiera habido un resquicio en la posibilidad de lo contrario, habr\u00eda estado ah\u00ed segur\u00edsimo.<\/p>\n<p>Manolo Garc\u00eda<\/p>\n<p>Fuente: Festival de la Luz &#8211; <a href='http:\/\/www.festivaldelaluz.es\/carta-de-manolo-garcia-al-publico-del-festival-de-la-luz\/' targeT=_new>ENLACE<\/a><\/p>\n","protected":false},"excerpt":{"rendered":"<p>septiembre 20, 2012 Aunque todos sabemos que los problemas de salud son ineludibles y que nos puede tocar a todos, a nadie le gusta tener que doblegarse a esta evidencia. Estoy realmente, no se si utilizar la palabra abochornado, por no poder acudir a esta convocatoria. Tengo un disgusto, creedme, que debo ir superando; pero<a class=\"moretag\" href=\"https:\/\/www.manologarciaycia.com\/?p=3873\" title=\"MG: CARTA DE MANOLO GARC\u00cdA AL P\u00daBLICO DEL FESTIVAL DE LA LUZ\" target=\"_self\" rel=\"follow\"> <font face=arial size=2>[Leer m\u00e1s]<\/font> <\/a><\/p>\n","protected":false},"author":2,"featured_media":0,"comment_status":"closed","ping_status":"closed","sticky":false,"template":"","format":"standard","meta":{"footnotes":""},"categories":[1],"tags":[],"class_list":["post-3873","post","type-post","status-publish","format-standard","hentry","category-manolo-garcia"],"_links":{"self":[{"href":"https:\/\/www.manologarciaycia.com\/index.php?rest_route=\/wp\/v2\/posts\/3873","targetHints":{"allow":["GET"]}}],"collection":[{"href":"https:\/\/www.manologarciaycia.com\/index.php?rest_route=\/wp\/v2\/posts"}],"about":[{"href":"https:\/\/www.manologarciaycia.com\/index.php?rest_route=\/wp\/v2\/types\/post"}],"author":[{"embeddable":true,"href":"https:\/\/www.manologarciaycia.com\/index.php?rest_route=\/wp\/v2\/users\/2"}],"replies":[{"embeddable":true,"href":"https:\/\/www.manologarciaycia.com\/index.php?rest_route=%2Fwp%2Fv2%2Fcomments&post=3873"}],"version-history":[{"count":1,"href":"https:\/\/www.manologarciaycia.com\/index.php?rest_route=\/wp\/v2\/posts\/3873\/revisions"}],"predecessor-version":[{"id":3874,"href":"https:\/\/www.manologarciaycia.com\/index.php?rest_route=\/wp\/v2\/posts\/3873\/revisions\/3874"}],"wp:attachment":[{"href":"https:\/\/www.manologarciaycia.com\/index.php?rest_route=%2Fwp%2Fv2%2Fmedia&parent=3873"}],"wp:term":[{"taxonomy":"category","embeddable":true,"href":"https:\/\/www.manologarciaycia.com\/index.php?rest_route=%2Fwp%2Fv2%2Fcategories&post=3873"},{"taxonomy":"post_tag","embeddable":true,"href":"https:\/\/www.manologarciaycia.com\/index.php?rest_route=%2Fwp%2Fv2%2Ftags&post=3873"}],"curies":[{"name":"wp","href":"https:\/\/api.w.org\/{rel}","templated":true}]}}