{"id":3869,"date":"2012-09-20T10:33:44","date_gmt":"2012-09-20T08:33:44","guid":{"rendered":"http:\/\/www.manologarciaycia.com\/?p=3869"},"modified":"2012-09-20T10:35:13","modified_gmt":"2012-09-20T08:35:13","slug":"3869","status":"publish","type":"post","link":"https:\/\/www.manologarciaycia.com\/?p=3869","title":{"rendered":"MG: Manolo Garc\u00eda cancela su actuaci\u00f3n en el Festival de la Luz de Boimorto"},"content":{"rendered":"<p><img loading=\"lazy\" decoding=\"async\" class=\"alignleft\" src=\"http:\/\/media.lavozdegalicia.es\/scale.php?i=\/default\/2012\/09\/20\/0012_201209G20P32F8jpg\/Foto\/G20P32F8.jpg&amp;w=300px\" alt=\"\" width=\"180\" height=\"229\" \/> Manolo Garc\u00eda no estar\u00e1 este fin de semana en el festival organizado por Luz Casal en Boimorto. El artista ha tenido que suspender su participaci\u00f3n en el certamen a causa del empeoramiento en una lumbalgia que lo obliga a permanecer en reposo absoluto. La organizaci\u00f3n, que est\u00e1 buscando alternativas para cubrir el hueco de Garc\u00eda, devolver\u00e1 el precio de las entradas del festival a quienes decidan no acudir despu\u00e9s de conocerse la ausencia del artista. Las personas que as\u00ed lo deseen, pueden recuperar su dinero acudiendo con el pase original al punto de venta donde lo han comprado y los que lo hayan adquirido a trav\u00e9s de la web de Novagaliciabanco han de llamar al tel\u00e9fono 902 43 44 43. Las devoluciones han de solicitarse antes del 21 de septiembre a las 22 horas.<\/p>\n<p>Fuente: La Voz de Galicia &#8211; <a href=\"http:\/\/www.lavozdegalicia.es\/noticia\/ocioycultura\/2012\/09\/20\/manolo-garcia-cancela-actuacion-festival-luz-boimorto\/0003_201209G20P32996.htm\" target=\"_new\">ENLACE<\/a><\/p>\n","protected":false},"excerpt":{"rendered":"<p>Manolo Garc\u00eda no estar\u00e1 este fin de semana en el festival organizado por Luz Casal en Boimorto. El artista ha tenido que suspender su participaci\u00f3n en el certamen a causa del empeoramiento en una lumbalgia que lo obliga a permanecer en reposo absoluto. La organizaci\u00f3n, que est\u00e1 buscando alternativas para cubrir el hueco de Garc\u00eda,<a class=\"moretag\" href=\"https:\/\/www.manologarciaycia.com\/?p=3869\" title=\"MG: Manolo Garc\u00eda cancela su actuaci\u00f3n en el Festival de la Luz de Boimorto\" target=\"_self\" rel=\"follow\"> <font face=arial size=2>[Leer m\u00e1s]<\/font> <\/a><\/p>\n","protected":false},"author":2,"featured_media":0,"comment_status":"closed","ping_status":"closed","sticky":false,"template":"","format":"standard","meta":{"footnotes":""},"categories":[1],"tags":[],"class_list":["post-3869","post","type-post","status-publish","format-standard","hentry","category-manolo-garcia"],"_links":{"self":[{"href":"https:\/\/www.manologarciaycia.com\/index.php?rest_route=\/wp\/v2\/posts\/3869","targetHints":{"allow":["GET"]}}],"collection":[{"href":"https:\/\/www.manologarciaycia.com\/index.php?rest_route=\/wp\/v2\/posts"}],"about":[{"href":"https:\/\/www.manologarciaycia.com\/index.php?rest_route=\/wp\/v2\/types\/post"}],"author":[{"embeddable":true,"href":"https:\/\/www.manologarciaycia.com\/index.php?rest_route=\/wp\/v2\/users\/2"}],"replies":[{"embeddable":true,"href":"https:\/\/www.manologarciaycia.com\/index.php?rest_route=%2Fwp%2Fv2%2Fcomments&post=3869"}],"version-history":[{"count":3,"href":"https:\/\/www.manologarciaycia.com\/index.php?rest_route=\/wp\/v2\/posts\/3869\/revisions"}],"predecessor-version":[{"id":3872,"href":"https:\/\/www.manologarciaycia.com\/index.php?rest_route=\/wp\/v2\/posts\/3869\/revisions\/3872"}],"wp:attachment":[{"href":"https:\/\/www.manologarciaycia.com\/index.php?rest_route=%2Fwp%2Fv2%2Fmedia&parent=3869"}],"wp:term":[{"taxonomy":"category","embeddable":true,"href":"https:\/\/www.manologarciaycia.com\/index.php?rest_route=%2Fwp%2Fv2%2Fcategories&post=3869"},{"taxonomy":"post_tag","embeddable":true,"href":"https:\/\/www.manologarciaycia.com\/index.php?rest_route=%2Fwp%2Fv2%2Ftags&post=3869"}],"curies":[{"name":"wp","href":"https:\/\/api.w.org\/{rel}","templated":true}]}}